{"id":49717,"date":"2025-11-14T15:19:06","date_gmt":"2025-11-14T18:19:06","guid":{"rendered":"http:\/\/masquenoticiastucuman.com.ar\/?p=49717"},"modified":"2025-11-14T15:19:06","modified_gmt":"2025-11-14T18:19:06","slug":"la-danza-de-la-no-danza-llega-este-fin-de-semana-a-la-boca-gratis","status":"publish","type":"post","link":"https:\/\/masquenoticiastucuman.com.ar\/?p=49717","title":{"rendered":"La danza de la no-danza llega este fin de semana a La Boca, gratis"},"content":{"rendered":"<ul>\n<li>&#8220;Tr\u00edo A&#8221; se ver\u00e1 en el Col\u00f3n F\u00e1brica, donde se guardan escenograf\u00edas, telones y utiler\u00eda del Teatro Col\u00f3n.<\/li>\n<li>Puede tratarse enteramente de una caminata prolongada de 40 personas de un lado al otro del escenario, ida y vuelta. O s\u00f3lo un tipo afeit\u00e1ndose. O directamente nada.<\/li>\n<\/ul>\n<p>\u200b&#8221;Tr\u00edo A&#8221; se ver\u00e1 en el Col\u00f3n F\u00e1brica, donde se guardan escenograf\u00edas, telones y utiler\u00eda del Teatro Col\u00f3n.Puede tratarse enteramente de una caminata prolongada de 40 personas de un lado al otro del escenario, ida y vuelta. O s\u00f3lo un tipo afeit\u00e1ndose. O directamente nada.\u00a0<a href=\"https:\/\/www.clarin.com\/espectaculos\/danza-no-danza-llega-fin-semana-boca-gratis_0_1kV9ug1fgL.html\" target=\"_blank\" class=\"feedzy-rss-link-icon\">Read More<\/a><\/p>","protected":false},"excerpt":{"rendered":"<p>&#8220;Tr\u00edo A&#8221; se ver\u00e1 en el Col\u00f3n F\u00e1brica, donde se guardan escenograf\u00edas, telones y utiler\u00eda&#8230;<\/p>\n","protected":false},"author":1,"featured_media":49718,"comment_status":"open","ping_status":"open","sticky":false,"template":"","format":"standard","meta":{"footnotes":""},"categories":[5],"tags":[],"class_list":["post-49717","post","type-post","status-publish","format-standard","has-post-thumbnail","hentry","category-espectaculo"],"_links":{"self":[{"href":"https:\/\/masquenoticiastucuman.com.ar\/index.php?rest_route=\/wp\/v2\/posts\/49717","targetHints":{"allow":["GET"]}}],"collection":[{"href":"https:\/\/masquenoticiastucuman.com.ar\/index.php?rest_route=\/wp\/v2\/posts"}],"about":[{"href":"https:\/\/masquenoticiastucuman.com.ar\/index.php?rest_route=\/wp\/v2\/types\/post"}],"author":[{"embeddable":true,"href":"https:\/\/masquenoticiastucuman.com.ar\/index.php?rest_route=\/wp\/v2\/users\/1"}],"replies":[{"embeddable":true,"href":"https:\/\/masquenoticiastucuman.com.ar\/index.php?rest_route=%2Fwp%2Fv2%2Fcomments&post=49717"}],"version-history":[{"count":0,"href":"https:\/\/masquenoticiastucuman.com.ar\/index.php?rest_route=\/wp\/v2\/posts\/49717\/revisions"}],"wp:featuredmedia":[{"embeddable":true,"href":"https:\/\/masquenoticiastucuman.com.ar\/index.php?rest_route=\/wp\/v2\/media\/49718"}],"wp:attachment":[{"href":"https:\/\/masquenoticiastucuman.com.ar\/index.php?rest_route=%2Fwp%2Fv2%2Fmedia&parent=49717"}],"wp:term":[{"taxonomy":"category","embeddable":true,"href":"https:\/\/masquenoticiastucuman.com.ar\/index.php?rest_route=%2Fwp%2Fv2%2Fcategories&post=49717"},{"taxonomy":"post_tag","embeddable":true,"href":"https:\/\/masquenoticiastucuman.com.ar\/index.php?rest_route=%2Fwp%2Fv2%2Ftags&post=49717"}],"curies":[{"name":"wp","href":"https:\/\/api.w.org\/{rel}","templated":true}]}}