{"id":49719,"date":"2025-11-14T16:30:06","date_gmt":"2025-11-14T19:30:06","guid":{"rendered":"http:\/\/masquenoticiastucuman.com.ar\/?p=49719"},"modified":"2025-11-14T16:30:06","modified_gmt":"2025-11-14T19:30:06","slug":"elecciones-en-chile-permisologia-un-curioso-termino-que-ilustra-el-legado-de-gabriel-boric-en-la-economia","status":"publish","type":"post","link":"https:\/\/masquenoticiastucuman.com.ar\/?p=49719","title":{"rendered":"Elecciones en Chile: &#8220;Permisolog\u00eda&#8221;, un curioso t\u00e9rmino que ilustra el legado de Gabriel Boric en la econom\u00eda"},"content":{"rendered":"<ul>\n<li>El crecimiento se ha estancado en la \u00faltima d\u00e9cada en el pa\u00eds. El actual presidente no cumpli\u00f3 con sus promesas de m\u00e1s y mejor empleo.<\/li>\n<li>Los mercados ya palpitan un futuro gobierno de derecha y se ilusionan con menos trabas y m\u00e1s apertura para las inversiones. <\/li>\n<\/ul>\n<p>\u200bEl crecimiento se ha estancado en la \u00faltima d\u00e9cada en el pa\u00eds. El actual presidente no cumpli\u00f3 con sus promesas de m\u00e1s y mejor empleo.Los mercados ya palpitan un futuro gobierno de derecha y se ilusionan con menos trabas y m\u00e1s apertura para las inversiones.\u00a0<a href=\"https:\/\/www.clarin.com\/mundo\/elecciones-chile-permisologia-curioso-termino-ilustra-legado-gabriel-boric-economia_0_KZ1AanWk00.html\" target=\"_blank\" class=\"feedzy-rss-link-icon\">Read More<\/a><\/p>","protected":false},"excerpt":{"rendered":"<p>El crecimiento se ha estancado en la \u00faltima d\u00e9cada en el pa\u00eds. El actual presidente&#8230;<\/p>\n","protected":false},"author":1,"featured_media":49720,"comment_status":"open","ping_status":"open","sticky":false,"template":"","format":"standard","meta":{"footnotes":""},"categories":[4],"tags":[],"class_list":["post-49719","post","type-post","status-publish","format-standard","has-post-thumbnail","hentry","category-internacionales"],"_links":{"self":[{"href":"https:\/\/masquenoticiastucuman.com.ar\/index.php?rest_route=\/wp\/v2\/posts\/49719","targetHints":{"allow":["GET"]}}],"collection":[{"href":"https:\/\/masquenoticiastucuman.com.ar\/index.php?rest_route=\/wp\/v2\/posts"}],"about":[{"href":"https:\/\/masquenoticiastucuman.com.ar\/index.php?rest_route=\/wp\/v2\/types\/post"}],"author":[{"embeddable":true,"href":"https:\/\/masquenoticiastucuman.com.ar\/index.php?rest_route=\/wp\/v2\/users\/1"}],"replies":[{"embeddable":true,"href":"https:\/\/masquenoticiastucuman.com.ar\/index.php?rest_route=%2Fwp%2Fv2%2Fcomments&post=49719"}],"version-history":[{"count":0,"href":"https:\/\/masquenoticiastucuman.com.ar\/index.php?rest_route=\/wp\/v2\/posts\/49719\/revisions"}],"wp:featuredmedia":[{"embeddable":true,"href":"https:\/\/masquenoticiastucuman.com.ar\/index.php?rest_route=\/wp\/v2\/media\/49720"}],"wp:attachment":[{"href":"https:\/\/masquenoticiastucuman.com.ar\/index.php?rest_route=%2Fwp%2Fv2%2Fmedia&parent=49719"}],"wp:term":[{"taxonomy":"category","embeddable":true,"href":"https:\/\/masquenoticiastucuman.com.ar\/index.php?rest_route=%2Fwp%2Fv2%2Fcategories&post=49719"},{"taxonomy":"post_tag","embeddable":true,"href":"https:\/\/masquenoticiastucuman.com.ar\/index.php?rest_route=%2Fwp%2Fv2%2Ftags&post=49719"}],"curies":[{"name":"wp","href":"https:\/\/api.w.org\/{rel}","templated":true}]}}