{"id":49723,"date":"2025-11-14T17:20:37","date_gmt":"2025-11-14T20:20:37","guid":{"rendered":"http:\/\/masquenoticiastucuman.com.ar\/?p=49723"},"modified":"2025-11-14T17:20:37","modified_gmt":"2025-11-14T20:20:37","slug":"la-privatizacion-de-la-hidrovia-suma-interesados-y-caputo-festeja-un-apoyo-belga","status":"publish","type":"post","link":"https:\/\/masquenoticiastucuman.com.ar\/?p=49723","title":{"rendered":"La privatizaci\u00f3n de la Hidrov\u00eda suma interesados y Caputo festeja un apoyo belga"},"content":{"rendered":"<ul>\n<li>El Gobierno busca convocar a la licitaci\u00f3n antes de fin de a\u00f1o, y entregar la concesi\u00f3n en el primer semestre 2026.<\/li>\n<li>Tras un fracaso en febrero, el sector respalda las intenciones oficiales de &#8220;transparencia&#8221; en el proceso.<\/li>\n<\/ul>\n<p>\u200bEl Gobierno busca convocar a la licitaci\u00f3n antes de fin de a\u00f1o, y entregar la concesi\u00f3n en el primer semestre 2026.Tras un fracaso en febrero, el sector respalda las intenciones oficiales de &#8220;transparencia&#8221; en el proceso.\u00a0<a href=\"https:\/\/www.clarin.com\/economia\/privatizacion-hidrovia-suma-interesados-caputo-festeja-apoyo-belga_0_tZgyktPC2F.html\" target=\"_blank\" class=\"feedzy-rss-link-icon\">Read More<\/a><\/p>","protected":false},"excerpt":{"rendered":"<p>El Gobierno busca convocar a la licitaci\u00f3n antes de fin de a\u00f1o, y entregar la&#8230;<\/p>\n","protected":false},"author":1,"featured_media":0,"comment_status":"open","ping_status":"open","sticky":false,"template":"","format":"standard","meta":{"footnotes":""},"categories":[3],"tags":[],"class_list":["post-49723","post","type-post","status-publish","format-standard","has-post-thumbnail","hentry","category-nacionales"],"_links":{"self":[{"href":"https:\/\/masquenoticiastucuman.com.ar\/index.php?rest_route=\/wp\/v2\/posts\/49723","targetHints":{"allow":["GET"]}}],"collection":[{"href":"https:\/\/masquenoticiastucuman.com.ar\/index.php?rest_route=\/wp\/v2\/posts"}],"about":[{"href":"https:\/\/masquenoticiastucuman.com.ar\/index.php?rest_route=\/wp\/v2\/types\/post"}],"author":[{"embeddable":true,"href":"https:\/\/masquenoticiastucuman.com.ar\/index.php?rest_route=\/wp\/v2\/users\/1"}],"replies":[{"embeddable":true,"href":"https:\/\/masquenoticiastucuman.com.ar\/index.php?rest_route=%2Fwp%2Fv2%2Fcomments&post=49723"}],"version-history":[{"count":0,"href":"https:\/\/masquenoticiastucuman.com.ar\/index.php?rest_route=\/wp\/v2\/posts\/49723\/revisions"}],"wp:attachment":[{"href":"https:\/\/masquenoticiastucuman.com.ar\/index.php?rest_route=%2Fwp%2Fv2%2Fmedia&parent=49723"}],"wp:term":[{"taxonomy":"category","embeddable":true,"href":"https:\/\/masquenoticiastucuman.com.ar\/index.php?rest_route=%2Fwp%2Fv2%2Fcategories&post=49723"},{"taxonomy":"post_tag","embeddable":true,"href":"https:\/\/masquenoticiastucuman.com.ar\/index.php?rest_route=%2Fwp%2Fv2%2Ftags&post=49723"}],"curies":[{"name":"wp","href":"https:\/\/api.w.org\/{rel}","templated":true}]}}