{"id":49724,"date":"2025-11-14T17:43:37","date_gmt":"2025-11-14T20:43:37","guid":{"rendered":"http:\/\/masquenoticiastucuman.com.ar\/?p=49724"},"modified":"2025-11-14T17:43:37","modified_gmt":"2025-11-14T20:43:37","slug":"lanus-vs-atletico-tucuman-por-el-torneo-clausura-2025-por-la-liga-profesional-de-futbol-minuto-a-minuto-en-directo","status":"publish","type":"post","link":"https:\/\/masquenoticiastucuman.com.ar\/?p=49724","title":{"rendered":"Lan\u00fas vs Atl\u00e9tico Tucum\u00e1n, por el Torneo Clausura 2025 por la Liga Profesional de F\u00fatbol: minuto a minuto, en directo"},"content":{"rendered":"<ul>\n<li>Juegan en el estadio N\u00e9stor D\u00edaz P\u00e9rez, en el Sur del GBA<\/li>\n<li>El Granate se encuentra tercero en el Grupo A.<\/li>\n<li>El Decano, por su parte, suma 18 puntos y lucha por ingresar a los playoffs.<\/li>\n<\/ul>\n<p>\u200bJuegan en el estadio N\u00e9stor D\u00edaz P\u00e9rez, en el Sur del GBAEl Granate se encuentra tercero en el Grupo A.El Decano, por su parte, suma 18 puntos y lucha por ingresar a los playoffs.\u00a0<a href=\"https:\/\/www.clarin.com\/deportes\/lanus-vs-atletico-tucuman-torneo-clausura-2025-liga-profesional-futbol-minuto-minuto-directo_0_aaoiGgHhQm.html\" target=\"_blank\" class=\"feedzy-rss-link-icon\">Read More<\/a><\/p>","protected":false},"excerpt":{"rendered":"<p>Juegan en el estadio N\u00e9stor D\u00edaz P\u00e9rez, en el Sur del GBA El Granate se&#8230;<\/p>\n","protected":false},"author":1,"featured_media":0,"comment_status":"open","ping_status":"open","sticky":false,"template":"","format":"standard","meta":{"footnotes":""},"categories":[6],"tags":[],"class_list":["post-49724","post","type-post","status-publish","format-standard","has-post-thumbnail","hentry","category-deportes"],"_links":{"self":[{"href":"https:\/\/masquenoticiastucuman.com.ar\/index.php?rest_route=\/wp\/v2\/posts\/49724","targetHints":{"allow":["GET"]}}],"collection":[{"href":"https:\/\/masquenoticiastucuman.com.ar\/index.php?rest_route=\/wp\/v2\/posts"}],"about":[{"href":"https:\/\/masquenoticiastucuman.com.ar\/index.php?rest_route=\/wp\/v2\/types\/post"}],"author":[{"embeddable":true,"href":"https:\/\/masquenoticiastucuman.com.ar\/index.php?rest_route=\/wp\/v2\/users\/1"}],"replies":[{"embeddable":true,"href":"https:\/\/masquenoticiastucuman.com.ar\/index.php?rest_route=%2Fwp%2Fv2%2Fcomments&post=49724"}],"version-history":[{"count":0,"href":"https:\/\/masquenoticiastucuman.com.ar\/index.php?rest_route=\/wp\/v2\/posts\/49724\/revisions"}],"wp:attachment":[{"href":"https:\/\/masquenoticiastucuman.com.ar\/index.php?rest_route=%2Fwp%2Fv2%2Fmedia&parent=49724"}],"wp:term":[{"taxonomy":"category","embeddable":true,"href":"https:\/\/masquenoticiastucuman.com.ar\/index.php?rest_route=%2Fwp%2Fv2%2Fcategories&post=49724"},{"taxonomy":"post_tag","embeddable":true,"href":"https:\/\/masquenoticiastucuman.com.ar\/index.php?rest_route=%2Fwp%2Fv2%2Ftags&post=49724"}],"curies":[{"name":"wp","href":"https:\/\/api.w.org\/{rel}","templated":true}]}}