{"id":49726,"date":"2025-11-14T18:52:56","date_gmt":"2025-11-14T21:52:56","guid":{"rendered":"http:\/\/masquenoticiastucuman.com.ar\/?p=49726"},"modified":"2025-11-14T18:52:56","modified_gmt":"2025-11-14T21:52:56","slug":"croacia-el-30-clasificado-para-el-mundial-2026-goleo-a-islas-feroe-y-luka-modric-jugara-su-quinta-copa-del-mundo","status":"publish","type":"post","link":"https:\/\/masquenoticiastucuman.com.ar\/?p=49726","title":{"rendered":"Croacia, el 30\u00b0 clasificado para el Mundial 2026: gole\u00f3 a Islas Feroe y Luka Modric jugar\u00e1 su quinta Copa del Mundo"},"content":{"rendered":"<ul>\n<li>Gan\u00f3 3-1 como local y sac\u00f3 pasaje para la cita mundialista.<\/li>\n<li>A su vez, Pa\u00edses Bajos empat\u00f3 1-1 con Polonia y qued\u00f3 a un paso.<\/li>\n<li>Adem\u00e1s, Alemania y Eslovaquia definir\u00e1n mano a mano la clasificaci\u00f3n en la \u00faltima fecha.<\/li>\n<\/ul>\n<p>\u200bGan\u00f3 3-1 como local y sac\u00f3 pasaje para la cita mundialista.A su vez, Pa\u00edses Bajos empat\u00f3 1-1 con Polonia y qued\u00f3 a un paso.Adem\u00e1s, Alemania y Eslovaquia definir\u00e1n mano a mano la clasificaci\u00f3n en la \u00faltima fecha.\u00a0<a href=\"https:\/\/www.clarin.com\/deportes\/croacia-30-clasificado-mundial-2026-goleo-islas-feroe-luka-modric-jugara-quinta-copa-mundo_0_5o8GRex0r2.html\" target=\"_blank\" class=\"feedzy-rss-link-icon\">Read More<\/a><\/p>","protected":false},"excerpt":{"rendered":"<p>Gan\u00f3 3-1 como local y sac\u00f3 pasaje para la cita mundialista. A su vez, Pa\u00edses&#8230;<\/p>\n","protected":false},"author":1,"featured_media":0,"comment_status":"open","ping_status":"open","sticky":false,"template":"","format":"standard","meta":{"footnotes":""},"categories":[6],"tags":[],"class_list":["post-49726","post","type-post","status-publish","format-standard","has-post-thumbnail","hentry","category-deportes"],"_links":{"self":[{"href":"https:\/\/masquenoticiastucuman.com.ar\/index.php?rest_route=\/wp\/v2\/posts\/49726","targetHints":{"allow":["GET"]}}],"collection":[{"href":"https:\/\/masquenoticiastucuman.com.ar\/index.php?rest_route=\/wp\/v2\/posts"}],"about":[{"href":"https:\/\/masquenoticiastucuman.com.ar\/index.php?rest_route=\/wp\/v2\/types\/post"}],"author":[{"embeddable":true,"href":"https:\/\/masquenoticiastucuman.com.ar\/index.php?rest_route=\/wp\/v2\/users\/1"}],"replies":[{"embeddable":true,"href":"https:\/\/masquenoticiastucuman.com.ar\/index.php?rest_route=%2Fwp%2Fv2%2Fcomments&post=49726"}],"version-history":[{"count":0,"href":"https:\/\/masquenoticiastucuman.com.ar\/index.php?rest_route=\/wp\/v2\/posts\/49726\/revisions"}],"wp:attachment":[{"href":"https:\/\/masquenoticiastucuman.com.ar\/index.php?rest_route=%2Fwp%2Fv2%2Fmedia&parent=49726"}],"wp:term":[{"taxonomy":"category","embeddable":true,"href":"https:\/\/masquenoticiastucuman.com.ar\/index.php?rest_route=%2Fwp%2Fv2%2Fcategories&post=49726"},{"taxonomy":"post_tag","embeddable":true,"href":"https:\/\/masquenoticiastucuman.com.ar\/index.php?rest_route=%2Fwp%2Fv2%2Ftags&post=49726"}],"curies":[{"name":"wp","href":"https:\/\/api.w.org\/{rel}","templated":true}]}}