{"id":49729,"date":"2025-11-14T19:19:06","date_gmt":"2025-11-14T22:19:06","guid":{"rendered":"http:\/\/masquenoticiastucuman.com.ar\/?p=49729"},"modified":"2025-11-14T19:19:06","modified_gmt":"2025-11-14T22:19:06","slug":"el-gobierno-cree-que-ya-se-reactivo-la-economia-tras-las-elecciones-y-prepara-el-terreno-para-comprar-reservas","status":"publish","type":"post","link":"https:\/\/masquenoticiastucuman.com.ar\/?p=49729","title":{"rendered":"El Gobierno cree que ya se reactiv\u00f3 la econom\u00eda tras las elecciones y prepara el terreno para comprar reservas"},"content":{"rendered":"<ul>\n<li>El BCRA asegura que se reactiv\u00f3 el cr\u00e9dito.<\/li>\n<li>El equipo econ\u00f3mico avanzar\u00e1 muy gradualmente con el desarme del &#8220;apret\u00f3n&#8221; monetario y los altos encajes bancarios. <\/li>\n<li>Descartan un cronograma de acumulaci\u00f3n de divisas, que era un pedido del FMI. <\/li>\n<\/ul>\n<p>\u200bEl BCRA asegura que se reactiv\u00f3 el cr\u00e9dito.El equipo econ\u00f3mico avanzar\u00e1 muy gradualmente con el desarme del &#8220;apret\u00f3n&#8221; monetario y los altos encajes bancarios. Descartan un cronograma de acumulaci\u00f3n de divisas, que era un pedido del FMI.\u00a0<a href=\"https:\/\/www.clarin.com\/economia\/gobierno-cree-reactivo-economia-elecciones-prepara-terreno-comprar-reservas_0_ew4fL44SED.html\" target=\"_blank\" class=\"feedzy-rss-link-icon\">Read More<\/a><\/p>","protected":false},"excerpt":{"rendered":"<p>El BCRA asegura que se reactiv\u00f3 el cr\u00e9dito. El equipo econ\u00f3mico avanzar\u00e1 muy gradualmente con&#8230;<\/p>\n","protected":false},"author":1,"featured_media":0,"comment_status":"open","ping_status":"open","sticky":false,"template":"","format":"standard","meta":{"footnotes":""},"categories":[3],"tags":[],"class_list":["post-49729","post","type-post","status-publish","format-standard","has-post-thumbnail","hentry","category-nacionales"],"_links":{"self":[{"href":"https:\/\/masquenoticiastucuman.com.ar\/index.php?rest_route=\/wp\/v2\/posts\/49729","targetHints":{"allow":["GET"]}}],"collection":[{"href":"https:\/\/masquenoticiastucuman.com.ar\/index.php?rest_route=\/wp\/v2\/posts"}],"about":[{"href":"https:\/\/masquenoticiastucuman.com.ar\/index.php?rest_route=\/wp\/v2\/types\/post"}],"author":[{"embeddable":true,"href":"https:\/\/masquenoticiastucuman.com.ar\/index.php?rest_route=\/wp\/v2\/users\/1"}],"replies":[{"embeddable":true,"href":"https:\/\/masquenoticiastucuman.com.ar\/index.php?rest_route=%2Fwp%2Fv2%2Fcomments&post=49729"}],"version-history":[{"count":0,"href":"https:\/\/masquenoticiastucuman.com.ar\/index.php?rest_route=\/wp\/v2\/posts\/49729\/revisions"}],"wp:attachment":[{"href":"https:\/\/masquenoticiastucuman.com.ar\/index.php?rest_route=%2Fwp%2Fv2%2Fmedia&parent=49729"}],"wp:term":[{"taxonomy":"category","embeddable":true,"href":"https:\/\/masquenoticiastucuman.com.ar\/index.php?rest_route=%2Fwp%2Fv2%2Fcategories&post=49729"},{"taxonomy":"post_tag","embeddable":true,"href":"https:\/\/masquenoticiastucuman.com.ar\/index.php?rest_route=%2Fwp%2Fv2%2Ftags&post=49729"}],"curies":[{"name":"wp","href":"https:\/\/api.w.org\/{rel}","templated":true}]}}