{"id":49733,"date":"2025-11-14T20:13:48","date_gmt":"2025-11-14T23:13:48","guid":{"rendered":"http:\/\/masquenoticiastucuman.com.ar\/?p=49733"},"modified":"2025-11-14T20:13:48","modified_gmt":"2025-11-14T23:13:48","slug":"imane-khelif-va-contra-todas-las-criticas-y-avisa-que-defendera-su-oro-olimpico-en-los-angeles-2028","status":"publish","type":"post","link":"https:\/\/masquenoticiastucuman.com.ar\/?p=49733","title":{"rendered":"Imane Khelif va contra todas las cr\u00edticas y avisa que defender\u00e1 su oro ol\u00edmpico en Los \u00c1ngeles 2028"},"content":{"rendered":"<ul>\n<li>La argelina, campeona en Par\u00eds 2024 en boxeo, no para de ser cuestionada sobre su g\u00e9nero.<\/li>\n<li>\u201cSi Dios quiere, sigo decidida a conseguir otra medalla ol\u00edmpica\u201d, cont\u00f3.<\/li>\n<\/ul>\n<p>\u200bLa argelina, campeona en Par\u00eds 2024 en boxeo, no para de ser cuestionada sobre su g\u00e9nero.\u201cSi Dios quiere, sigo decidida a conseguir otra medalla ol\u00edmpica\u201d, cont\u00f3.\u00a0<a href=\"https:\/\/www.clarin.com\/deportes\/imane-khelif-va-todas-criticas-avisa-defendera-oro-olimpico-angeles-2028_0_4z0VnAgoWt.html\" target=\"_blank\" class=\"feedzy-rss-link-icon\">Read More<\/a><\/p>","protected":false},"excerpt":{"rendered":"<p>La argelina, campeona en Par\u00eds 2024 en boxeo, no para de ser cuestionada sobre su&#8230;<\/p>\n","protected":false},"author":1,"featured_media":0,"comment_status":"open","ping_status":"open","sticky":false,"template":"","format":"standard","meta":{"footnotes":""},"categories":[6],"tags":[],"class_list":["post-49733","post","type-post","status-publish","format-standard","has-post-thumbnail","hentry","category-deportes"],"_links":{"self":[{"href":"https:\/\/masquenoticiastucuman.com.ar\/index.php?rest_route=\/wp\/v2\/posts\/49733","targetHints":{"allow":["GET"]}}],"collection":[{"href":"https:\/\/masquenoticiastucuman.com.ar\/index.php?rest_route=\/wp\/v2\/posts"}],"about":[{"href":"https:\/\/masquenoticiastucuman.com.ar\/index.php?rest_route=\/wp\/v2\/types\/post"}],"author":[{"embeddable":true,"href":"https:\/\/masquenoticiastucuman.com.ar\/index.php?rest_route=\/wp\/v2\/users\/1"}],"replies":[{"embeddable":true,"href":"https:\/\/masquenoticiastucuman.com.ar\/index.php?rest_route=%2Fwp%2Fv2%2Fcomments&post=49733"}],"version-history":[{"count":0,"href":"https:\/\/masquenoticiastucuman.com.ar\/index.php?rest_route=\/wp\/v2\/posts\/49733\/revisions"}],"wp:attachment":[{"href":"https:\/\/masquenoticiastucuman.com.ar\/index.php?rest_route=%2Fwp%2Fv2%2Fmedia&parent=49733"}],"wp:term":[{"taxonomy":"category","embeddable":true,"href":"https:\/\/masquenoticiastucuman.com.ar\/index.php?rest_route=%2Fwp%2Fv2%2Fcategories&post=49733"},{"taxonomy":"post_tag","embeddable":true,"href":"https:\/\/masquenoticiastucuman.com.ar\/index.php?rest_route=%2Fwp%2Fv2%2Ftags&post=49733"}],"curies":[{"name":"wp","href":"https:\/\/api.w.org\/{rel}","templated":true}]}}