{"id":49736,"date":"2025-11-15T00:04:51","date_gmt":"2025-11-15T03:04:51","guid":{"rendered":"http:\/\/masquenoticiastucuman.com.ar\/?p=49736"},"modified":"2025-11-15T00:04:51","modified_gmt":"2025-11-15T03:04:51","slug":"gobierno-y-oposicion-todos-juegan-ya-el-2027","status":"publish","type":"post","link":"https:\/\/masquenoticiastucuman.com.ar\/?p=49736","title":{"rendered":"Gobierno y oposici\u00f3n, todos juegan ya el 2027"},"content":{"rendered":"<p>El espacio del oficialismo tiene como \u00fanicos proyectos la reelecci\u00f3n de Milei y la candidatura de Santilli en la Provincia. Esta semana se reunen diputados para un espacio &#8220;del medio&#8221;. Y Milei no tendr\u00e1 dentro de dos a\u00f1os la mano invisible de Macri.  <\/p>\n<p>\u200bEl espacio del oficialismo tiene como \u00fanicos proyectos la reelecci\u00f3n de Milei y la candidatura de Santilli en la Provincia. Esta semana se reunen diputados para un espacio &#8220;del medio&#8221;. Y Milei no tendr\u00e1 dentro de dos a\u00f1os la mano invisible de Macri.\u00a0<a href=\"https:\/\/www.clarin.com\/economia\/gobierno-oposicion-juegan-2027_0_uchbhPb32m.html\" target=\"_blank\" class=\"feedzy-rss-link-icon\">Read More<\/a><\/p>","protected":false},"excerpt":{"rendered":"<p>El espacio del oficialismo tiene como \u00fanicos proyectos la reelecci\u00f3n de Milei y la candidatura&#8230;<\/p>\n","protected":false},"author":1,"featured_media":0,"comment_status":"open","ping_status":"open","sticky":false,"template":"","format":"standard","meta":{"footnotes":""},"categories":[3],"tags":[],"class_list":["post-49736","post","type-post","status-publish","format-standard","has-post-thumbnail","hentry","category-nacionales"],"_links":{"self":[{"href":"https:\/\/masquenoticiastucuman.com.ar\/index.php?rest_route=\/wp\/v2\/posts\/49736","targetHints":{"allow":["GET"]}}],"collection":[{"href":"https:\/\/masquenoticiastucuman.com.ar\/index.php?rest_route=\/wp\/v2\/posts"}],"about":[{"href":"https:\/\/masquenoticiastucuman.com.ar\/index.php?rest_route=\/wp\/v2\/types\/post"}],"author":[{"embeddable":true,"href":"https:\/\/masquenoticiastucuman.com.ar\/index.php?rest_route=\/wp\/v2\/users\/1"}],"replies":[{"embeddable":true,"href":"https:\/\/masquenoticiastucuman.com.ar\/index.php?rest_route=%2Fwp%2Fv2%2Fcomments&post=49736"}],"version-history":[{"count":0,"href":"https:\/\/masquenoticiastucuman.com.ar\/index.php?rest_route=\/wp\/v2\/posts\/49736\/revisions"}],"wp:attachment":[{"href":"https:\/\/masquenoticiastucuman.com.ar\/index.php?rest_route=%2Fwp%2Fv2%2Fmedia&parent=49736"}],"wp:term":[{"taxonomy":"category","embeddable":true,"href":"https:\/\/masquenoticiastucuman.com.ar\/index.php?rest_route=%2Fwp%2Fv2%2Fcategories&post=49736"},{"taxonomy":"post_tag","embeddable":true,"href":"https:\/\/masquenoticiastucuman.com.ar\/index.php?rest_route=%2Fwp%2Fv2%2Ftags&post=49736"}],"curies":[{"name":"wp","href":"https:\/\/api.w.org\/{rel}","templated":true}]}}