{"id":49737,"date":"2025-11-15T00:28:52","date_gmt":"2025-11-15T03:28:52","guid":{"rendered":"http:\/\/masquenoticiastucuman.com.ar\/?p=49737"},"modified":"2025-11-15T00:28:52","modified_gmt":"2025-11-15T03:28:52","slug":"argentina-y-brasil-tienen-un-destino-comun-frente-a-china-y-ee-uu","status":"publish","type":"post","link":"https:\/\/masquenoticiastucuman.com.ar\/?p=49737","title":{"rendered":"Argentina y Brasil tienen un destino com\u00fan frente a China y EE.UU."},"content":{"rendered":"<ul>\n<li>Tienen que profundizar el v\u00ednculo con China, que est\u00e1 ahora a s\u00f3lo un tercio de su potencial. <\/li>\n<li>Y al mismo tiempo tienen que acordar con EE.UU., el centro inequ\u00edvoco del poder mundial.<\/li>\n<\/ul>\n<p>\u200bTienen que profundizar el v\u00ednculo con China, que est\u00e1 ahora a s\u00f3lo un tercio de su potencial. Y al mismo tiempo tienen que acordar con EE.UU., el centro inequ\u00edvoco del poder mundial.\u00a0<a href=\"https:\/\/www.clarin.com\/economia\/argentina-brasil-destino-comun-frente-china-eeuu_0_QV4p8MRYWs.html\" target=\"_blank\" class=\"feedzy-rss-link-icon\">Read More<\/a><\/p>","protected":false},"excerpt":{"rendered":"<p>Tienen que profundizar el v\u00ednculo con China, que est\u00e1 ahora a s\u00f3lo un tercio de&#8230;<\/p>\n","protected":false},"author":1,"featured_media":0,"comment_status":"open","ping_status":"open","sticky":false,"template":"","format":"standard","meta":{"footnotes":""},"categories":[3],"tags":[],"class_list":["post-49737","post","type-post","status-publish","format-standard","has-post-thumbnail","hentry","category-nacionales"],"_links":{"self":[{"href":"https:\/\/masquenoticiastucuman.com.ar\/index.php?rest_route=\/wp\/v2\/posts\/49737","targetHints":{"allow":["GET"]}}],"collection":[{"href":"https:\/\/masquenoticiastucuman.com.ar\/index.php?rest_route=\/wp\/v2\/posts"}],"about":[{"href":"https:\/\/masquenoticiastucuman.com.ar\/index.php?rest_route=\/wp\/v2\/types\/post"}],"author":[{"embeddable":true,"href":"https:\/\/masquenoticiastucuman.com.ar\/index.php?rest_route=\/wp\/v2\/users\/1"}],"replies":[{"embeddable":true,"href":"https:\/\/masquenoticiastucuman.com.ar\/index.php?rest_route=%2Fwp%2Fv2%2Fcomments&post=49737"}],"version-history":[{"count":0,"href":"https:\/\/masquenoticiastucuman.com.ar\/index.php?rest_route=\/wp\/v2\/posts\/49737\/revisions"}],"wp:attachment":[{"href":"https:\/\/masquenoticiastucuman.com.ar\/index.php?rest_route=%2Fwp%2Fv2%2Fmedia&parent=49737"}],"wp:term":[{"taxonomy":"category","embeddable":true,"href":"https:\/\/masquenoticiastucuman.com.ar\/index.php?rest_route=%2Fwp%2Fv2%2Fcategories&post=49737"},{"taxonomy":"post_tag","embeddable":true,"href":"https:\/\/masquenoticiastucuman.com.ar\/index.php?rest_route=%2Fwp%2Fv2%2Ftags&post=49737"}],"curies":[{"name":"wp","href":"https:\/\/api.w.org\/{rel}","templated":true}]}}