{"id":49811,"date":"2025-11-16T06:01:03","date_gmt":"2025-11-16T09:01:03","guid":{"rendered":"http:\/\/masquenoticiastucuman.com.ar\/?p=49811"},"modified":"2025-11-16T06:01:03","modified_gmt":"2025-11-16T09:01:03","slug":"emanuel-noir-de-ke-personajes-criado-por-la-cumbia-y-fan-del-rock-paso-en-9-anos-de-ser-albanil-a-llenar-estadios","status":"publish","type":"post","link":"https:\/\/masquenoticiastucuman.com.ar\/?p=49811","title":{"rendered":"Emanuel Noir, de Ke Personajes, criado por la cumbia y fan del rock, pas\u00f3 en 9 a\u00f1os de ser alba\u00f1il a llenar estadios"},"content":{"rendered":"<ul>\n<li>Con estilo \u00fanico, sabe pasar de la cumbia villera el rock, y hasta tiene una versi\u00f3n de &#8220;Rapsodia bohemia&#8221;.<\/li>\n<li>Habla de sus tiempos de consumo de sustancias y sus consecuencias.<\/li>\n<li>La banda ya llen\u00f3 los teatros Astros y Gran Rex, el Luna Park, Movistar Arena y Unico de La Plata. Y el 29 de noviembre tocar\u00e1 en el estadio Ferro.<\/li>\n<\/ul>\n<p>\u200bCon estilo \u00fanico, sabe pasar de la cumbia villera el rock, y hasta tiene una versi\u00f3n de &#8220;Rapsodia bohemia&#8221;.Habla de sus tiempos de consumo de sustancias y sus consecuencias.La banda ya llen\u00f3 los teatros Astros y Gran Rex, el Luna Park, Movistar Arena y Unico de La Plata. Y el 29 de noviembre tocar\u00e1 en el estadio Ferro.\u00a0<a href=\"https:\/\/www.clarin.com\/espectaculos\/emanuel-noir-ke-personajes-criado-cumbia-fan-rock-paso-9-anos-albanil-llenar-estadios_0_nfdi5PxF0e.html\" target=\"_blank\" class=\"feedzy-rss-link-icon\">Read More<\/a><\/p>","protected":false},"excerpt":{"rendered":"<p>Con estilo \u00fanico, sabe pasar de la cumbia villera el rock, y hasta tiene una&#8230;<\/p>\n","protected":false},"author":1,"featured_media":49812,"comment_status":"open","ping_status":"open","sticky":false,"template":"","format":"standard","meta":{"footnotes":""},"categories":[5],"tags":[],"class_list":["post-49811","post","type-post","status-publish","format-standard","has-post-thumbnail","hentry","category-espectaculo"],"_links":{"self":[{"href":"https:\/\/masquenoticiastucuman.com.ar\/index.php?rest_route=\/wp\/v2\/posts\/49811","targetHints":{"allow":["GET"]}}],"collection":[{"href":"https:\/\/masquenoticiastucuman.com.ar\/index.php?rest_route=\/wp\/v2\/posts"}],"about":[{"href":"https:\/\/masquenoticiastucuman.com.ar\/index.php?rest_route=\/wp\/v2\/types\/post"}],"author":[{"embeddable":true,"href":"https:\/\/masquenoticiastucuman.com.ar\/index.php?rest_route=\/wp\/v2\/users\/1"}],"replies":[{"embeddable":true,"href":"https:\/\/masquenoticiastucuman.com.ar\/index.php?rest_route=%2Fwp%2Fv2%2Fcomments&post=49811"}],"version-history":[{"count":0,"href":"https:\/\/masquenoticiastucuman.com.ar\/index.php?rest_route=\/wp\/v2\/posts\/49811\/revisions"}],"wp:featuredmedia":[{"embeddable":true,"href":"https:\/\/masquenoticiastucuman.com.ar\/index.php?rest_route=\/wp\/v2\/media\/49812"}],"wp:attachment":[{"href":"https:\/\/masquenoticiastucuman.com.ar\/index.php?rest_route=%2Fwp%2Fv2%2Fmedia&parent=49811"}],"wp:term":[{"taxonomy":"category","embeddable":true,"href":"https:\/\/masquenoticiastucuman.com.ar\/index.php?rest_route=%2Fwp%2Fv2%2Fcategories&post=49811"},{"taxonomy":"post_tag","embeddable":true,"href":"https:\/\/masquenoticiastucuman.com.ar\/index.php?rest_route=%2Fwp%2Fv2%2Ftags&post=49811"}],"curies":[{"name":"wp","href":"https:\/\/api.w.org\/{rel}","templated":true}]}}