{"id":49816,"date":"2025-11-16T06:01:09","date_gmt":"2025-11-16T09:01:09","guid":{"rendered":"http:\/\/masquenoticiastucuman.com.ar\/?p=49816"},"modified":"2025-11-16T06:01:09","modified_gmt":"2025-11-16T09:01:09","slug":"la-agenda-de-un-domingo-de-futbol-y-tv-river-boca-racing-y-el-clausura-italia-vs-noruega-en-las-eliminatorias-en-europa-al-mundial-2026","status":"publish","type":"post","link":"https:\/\/masquenoticiastucuman.com.ar\/?p=49816","title":{"rendered":"La agenda de un domingo de f\u00fatbol y TV: River, Boca Racing y el Clausura, Italia vs Noruega en las Eliminatorias en Europa al Mundial 2026"},"content":{"rendered":"<ul>\n<li>El f\u00fatbol argentino vibra con la \u00faltima fecha del torneo de Primera Divisi\u00f3n.<\/li>\n<li>En el Viejo Continente habr\u00e1 m\u00e1s selecciones confirmadas para la Copa del Mundo.<\/li>\n<li>Tambi\u00e9n habr\u00e1 ascenso: Deportivo Madryn y Mor\u00f3n van por la final del Reducido.<\/li>\n<\/ul>\n<p>\u200bEl f\u00fatbol argentino vibra con la \u00faltima fecha del torneo de Primera Divisi\u00f3n.En el Viejo Continente habr\u00e1 m\u00e1s selecciones confirmadas para la Copa del Mundo.Tambi\u00e9n habr\u00e1 ascenso: Deportivo Madryn y Mor\u00f3n van por la final del Reducido.\u00a0<a href=\"https:\/\/www.clarin.com\/deportes\/agenda-domingo-futbol-tv-river-boca-racing-clausura-italia-vs-noruega-eliminatorias-europa-mundial-2026_0_ic6mknByH9.html\" target=\"_blank\" class=\"feedzy-rss-link-icon\">Read More<\/a><\/p>","protected":false},"excerpt":{"rendered":"<p>El f\u00fatbol argentino vibra con la \u00faltima fecha del torneo de Primera Divisi\u00f3n. En el&#8230;<\/p>\n","protected":false},"author":1,"featured_media":0,"comment_status":"open","ping_status":"open","sticky":false,"template":"","format":"standard","meta":{"footnotes":""},"categories":[6],"tags":[],"class_list":["post-49816","post","type-post","status-publish","format-standard","has-post-thumbnail","hentry","category-deportes"],"_links":{"self":[{"href":"https:\/\/masquenoticiastucuman.com.ar\/index.php?rest_route=\/wp\/v2\/posts\/49816","targetHints":{"allow":["GET"]}}],"collection":[{"href":"https:\/\/masquenoticiastucuman.com.ar\/index.php?rest_route=\/wp\/v2\/posts"}],"about":[{"href":"https:\/\/masquenoticiastucuman.com.ar\/index.php?rest_route=\/wp\/v2\/types\/post"}],"author":[{"embeddable":true,"href":"https:\/\/masquenoticiastucuman.com.ar\/index.php?rest_route=\/wp\/v2\/users\/1"}],"replies":[{"embeddable":true,"href":"https:\/\/masquenoticiastucuman.com.ar\/index.php?rest_route=%2Fwp%2Fv2%2Fcomments&post=49816"}],"version-history":[{"count":0,"href":"https:\/\/masquenoticiastucuman.com.ar\/index.php?rest_route=\/wp\/v2\/posts\/49816\/revisions"}],"wp:attachment":[{"href":"https:\/\/masquenoticiastucuman.com.ar\/index.php?rest_route=%2Fwp%2Fv2%2Fmedia&parent=49816"}],"wp:term":[{"taxonomy":"category","embeddable":true,"href":"https:\/\/masquenoticiastucuman.com.ar\/index.php?rest_route=%2Fwp%2Fv2%2Fcategories&post=49816"},{"taxonomy":"post_tag","embeddable":true,"href":"https:\/\/masquenoticiastucuman.com.ar\/index.php?rest_route=%2Fwp%2Fv2%2Ftags&post=49816"}],"curies":[{"name":"wp","href":"https:\/\/api.w.org\/{rel}","templated":true}]}}