{"id":49821,"date":"2025-11-16T07:21:00","date_gmt":"2025-11-16T10:21:00","guid":{"rendered":"http:\/\/masquenoticiastucuman.com.ar\/?p=49821"},"modified":"2025-11-16T07:21:00","modified_gmt":"2025-11-16T10:21:00","slug":"los-kits-de-internet-satelital-starlink-bajaron-de-precio-cuanto-cuestan-ahora-en-argentina","status":"publish","type":"post","link":"https:\/\/masquenoticiastucuman.com.ar\/?p=49821","title":{"rendered":"Los kits de Internet satelital Starlink bajaron de precio: cu\u00e1nto cuestan ahora en Argentina"},"content":{"rendered":"<p>Starlink apunta, mediante la baja de precios, acelerar la penetraci\u00f3n de Internet satelital donde la fibra \u00f3ptica y las redes m\u00f3viles son costosas<\/p>\n<p>                                                                <!-- Begin comScore Tag --><\/p>\n<p>                                    <img decoding=\"async\" src=\"https:\/\/sb.scorecardresearch.com\/p?c1=2&amp;c2=16597048&amp;cv=3.6.0&amp;cj=1\" \/><\/p>\n<p>                                <!-- End comScore Tag --><\/p>\n<p>                            \u200bStarlink apunta, mediante la baja de precios, acelerar la penetraci\u00f3n de Internet satelital donde la fibra \u00f3ptica y las redes m\u00f3viles son costosas\u00a0<a href=\"https:\/\/www.iprofesional.com\/tecnologia\/441794-kits-internet-satelital-starlink-ahora-son-mas-baratos-precios-en-argentina\" target=\"_blank\" class=\"feedzy-rss-link-icon\">Read More<\/a><\/p>","protected":false},"excerpt":{"rendered":"<p>Starlink apunta, mediante la baja de precios, acelerar la penetraci\u00f3n de Internet satelital donde la&#8230;<\/p>\n","protected":false},"author":1,"featured_media":0,"comment_status":"open","ping_status":"open","sticky":false,"template":"","format":"standard","meta":{"footnotes":""},"categories":[8],"tags":[],"class_list":["post-49821","post","type-post","status-publish","format-standard","has-post-thumbnail","hentry","category-tecnologia"],"_links":{"self":[{"href":"https:\/\/masquenoticiastucuman.com.ar\/index.php?rest_route=\/wp\/v2\/posts\/49821","targetHints":{"allow":["GET"]}}],"collection":[{"href":"https:\/\/masquenoticiastucuman.com.ar\/index.php?rest_route=\/wp\/v2\/posts"}],"about":[{"href":"https:\/\/masquenoticiastucuman.com.ar\/index.php?rest_route=\/wp\/v2\/types\/post"}],"author":[{"embeddable":true,"href":"https:\/\/masquenoticiastucuman.com.ar\/index.php?rest_route=\/wp\/v2\/users\/1"}],"replies":[{"embeddable":true,"href":"https:\/\/masquenoticiastucuman.com.ar\/index.php?rest_route=%2Fwp%2Fv2%2Fcomments&post=49821"}],"version-history":[{"count":0,"href":"https:\/\/masquenoticiastucuman.com.ar\/index.php?rest_route=\/wp\/v2\/posts\/49821\/revisions"}],"wp:attachment":[{"href":"https:\/\/masquenoticiastucuman.com.ar\/index.php?rest_route=%2Fwp%2Fv2%2Fmedia&parent=49821"}],"wp:term":[{"taxonomy":"category","embeddable":true,"href":"https:\/\/masquenoticiastucuman.com.ar\/index.php?rest_route=%2Fwp%2Fv2%2Fcategories&post=49821"},{"taxonomy":"post_tag","embeddable":true,"href":"https:\/\/masquenoticiastucuman.com.ar\/index.php?rest_route=%2Fwp%2Fv2%2Ftags&post=49821"}],"curies":[{"name":"wp","href":"https:\/\/api.w.org\/{rel}","templated":true}]}}