{"id":49822,"date":"2025-11-16T09:47:12","date_gmt":"2025-11-16T12:47:12","guid":{"rendered":"http:\/\/masquenoticiastucuman.com.ar\/?p=49822"},"modified":"2025-11-16T09:47:12","modified_gmt":"2025-11-16T12:47:12","slug":"los-chilenos-ya-empezaron-a-votar-en-una-jornada-incierta-que-definira-el-rumbo-para-los-proximos-cuatro-anos","status":"publish","type":"post","link":"https:\/\/masquenoticiastucuman.com.ar\/?p=49822","title":{"rendered":"Los chilenos ya empezaron a votar, en una jornada incierta que definir\u00e1 el rumbo para los pr\u00f3ximos cuatro a\u00f1os"},"content":{"rendered":"<ul>\n<li>M\u00e1s de 15,6 millones de personas figuran en el padr\u00f3n para elegir presidente, diputados y senadores.<\/li>\n<li>El presidente Gabriel Boric fue uno de los primeros en ir a votar, con su hija en brazos.<\/li>\n<\/ul>\n<p>\u200bM\u00e1s de 15,6 millones de personas figuran en el padr\u00f3n para elegir presidente, diputados y senadores.El presidente Gabriel Boric fue uno de los primeros en ir a votar, con su hija en brazos.\u00a0<a href=\"https:\/\/www.clarin.com\/mundo\/chilenos-empezaron-votar-jornada-incierta-definira-rumbo-proximos-anos_0_Y7Tm5h1XL9.html\" target=\"_blank\" class=\"feedzy-rss-link-icon\">Read More<\/a><\/p>","protected":false},"excerpt":{"rendered":"<p>M\u00e1s de 15,6 millones de personas figuran en el padr\u00f3n para elegir presidente, diputados y&#8230;<\/p>\n","protected":false},"author":1,"featured_media":49823,"comment_status":"open","ping_status":"open","sticky":false,"template":"","format":"standard","meta":{"footnotes":""},"categories":[4],"tags":[],"class_list":["post-49822","post","type-post","status-publish","format-standard","has-post-thumbnail","hentry","category-internacionales"],"_links":{"self":[{"href":"https:\/\/masquenoticiastucuman.com.ar\/index.php?rest_route=\/wp\/v2\/posts\/49822","targetHints":{"allow":["GET"]}}],"collection":[{"href":"https:\/\/masquenoticiastucuman.com.ar\/index.php?rest_route=\/wp\/v2\/posts"}],"about":[{"href":"https:\/\/masquenoticiastucuman.com.ar\/index.php?rest_route=\/wp\/v2\/types\/post"}],"author":[{"embeddable":true,"href":"https:\/\/masquenoticiastucuman.com.ar\/index.php?rest_route=\/wp\/v2\/users\/1"}],"replies":[{"embeddable":true,"href":"https:\/\/masquenoticiastucuman.com.ar\/index.php?rest_route=%2Fwp%2Fv2%2Fcomments&post=49822"}],"version-history":[{"count":0,"href":"https:\/\/masquenoticiastucuman.com.ar\/index.php?rest_route=\/wp\/v2\/posts\/49822\/revisions"}],"wp:featuredmedia":[{"embeddable":true,"href":"https:\/\/masquenoticiastucuman.com.ar\/index.php?rest_route=\/wp\/v2\/media\/49823"}],"wp:attachment":[{"href":"https:\/\/masquenoticiastucuman.com.ar\/index.php?rest_route=%2Fwp%2Fv2%2Fmedia&parent=49822"}],"wp:term":[{"taxonomy":"category","embeddable":true,"href":"https:\/\/masquenoticiastucuman.com.ar\/index.php?rest_route=%2Fwp%2Fv2%2Fcategories&post=49822"},{"taxonomy":"post_tag","embeddable":true,"href":"https:\/\/masquenoticiastucuman.com.ar\/index.php?rest_route=%2Fwp%2Fv2%2Ftags&post=49822"}],"curies":[{"name":"wp","href":"https:\/\/api.w.org\/{rel}","templated":true}]}}