{"id":49826,"date":"2025-11-16T09:59:08","date_gmt":"2025-11-16T12:59:08","guid":{"rendered":"http:\/\/masquenoticiastucuman.com.ar\/?p=49826"},"modified":"2025-11-16T09:59:08","modified_gmt":"2025-11-16T12:59:08","slug":"referendum-en-ecuador-se-vota-para-definir-si-se-reforma-la-constitucion-y-se-habilitan-bases-militares-extranjeras","status":"publish","type":"post","link":"https:\/\/masquenoticiastucuman.com.ar\/?p=49826","title":{"rendered":"Refer\u00e9ndum en Ecuador: se vota para definir si se reforma la Constituci\u00f3n y se habilitan bases militares extranjeras"},"content":{"rendered":"<ul>\n<li>Casi 14 millones de ecuatorianos est\u00e1n habilitados para participar de la consulta impulsada por el presidente Noboa.<\/li>\n<li>Tambi\u00e9n definen una reducci\u00f3n del Parlamento y el fin de la financiaci\u00f3n estatal a los partidos pol\u00edticos.<\/li>\n<li>La ins\u00f3lita pol\u00e9mica por las &#8220;tintas m\u00e1gicas&#8221; que fue desmentida oficialmente.<\/li>\n<\/ul>\n<p>\u200bCasi 14 millones de ecuatorianos est\u00e1n habilitados para participar de la consulta impulsada por el presidente Noboa.Tambi\u00e9n definen una reducci\u00f3n del Parlamento y el fin de la financiaci\u00f3n estatal a los partidos pol\u00edticos.La ins\u00f3lita pol\u00e9mica por las &#8220;tintas m\u00e1gicas&#8221; que fue desmentida oficialmente.\u00a0<a href=\"https:\/\/www.clarin.com\/mundo\/referendum-ecuador-vota-definir-reduccion-asamblea-constituyente-habitacion-bases-militares-extranjeras_0_yO8QEpRxGW.html\" target=\"_blank\" class=\"feedzy-rss-link-icon\">Read More<\/a><\/p>","protected":false},"excerpt":{"rendered":"<p>Casi 14 millones de ecuatorianos est\u00e1n habilitados para participar de la consulta impulsada por el&#8230;<\/p>\n","protected":false},"author":1,"featured_media":49827,"comment_status":"open","ping_status":"open","sticky":false,"template":"","format":"standard","meta":{"footnotes":""},"categories":[4],"tags":[],"class_list":["post-49826","post","type-post","status-publish","format-standard","has-post-thumbnail","hentry","category-internacionales"],"_links":{"self":[{"href":"https:\/\/masquenoticiastucuman.com.ar\/index.php?rest_route=\/wp\/v2\/posts\/49826","targetHints":{"allow":["GET"]}}],"collection":[{"href":"https:\/\/masquenoticiastucuman.com.ar\/index.php?rest_route=\/wp\/v2\/posts"}],"about":[{"href":"https:\/\/masquenoticiastucuman.com.ar\/index.php?rest_route=\/wp\/v2\/types\/post"}],"author":[{"embeddable":true,"href":"https:\/\/masquenoticiastucuman.com.ar\/index.php?rest_route=\/wp\/v2\/users\/1"}],"replies":[{"embeddable":true,"href":"https:\/\/masquenoticiastucuman.com.ar\/index.php?rest_route=%2Fwp%2Fv2%2Fcomments&post=49826"}],"version-history":[{"count":0,"href":"https:\/\/masquenoticiastucuman.com.ar\/index.php?rest_route=\/wp\/v2\/posts\/49826\/revisions"}],"wp:featuredmedia":[{"embeddable":true,"href":"https:\/\/masquenoticiastucuman.com.ar\/index.php?rest_route=\/wp\/v2\/media\/49827"}],"wp:attachment":[{"href":"https:\/\/masquenoticiastucuman.com.ar\/index.php?rest_route=%2Fwp%2Fv2%2Fmedia&parent=49826"}],"wp:term":[{"taxonomy":"category","embeddable":true,"href":"https:\/\/masquenoticiastucuman.com.ar\/index.php?rest_route=%2Fwp%2Fv2%2Fcategories&post=49826"},{"taxonomy":"post_tag","embeddable":true,"href":"https:\/\/masquenoticiastucuman.com.ar\/index.php?rest_route=%2Fwp%2Fv2%2Ftags&post=49826"}],"curies":[{"name":"wp","href":"https:\/\/api.w.org\/{rel}","templated":true}]}}