{"id":49828,"date":"2025-11-16T10:10:42","date_gmt":"2025-11-16T13:10:42","guid":{"rendered":"http:\/\/masquenoticiastucuman.com.ar\/?p=49828"},"modified":"2025-11-16T10:10:42","modified_gmt":"2025-11-16T13:10:42","slug":"conmocion-en-el-automovilismo-argentino-un-tricampeon-murio-en-plena-pista-durante-la-ultima-vuelta-de-una-carrera-en-la-plata","status":"publish","type":"post","link":"https:\/\/masquenoticiastucuman.com.ar\/?p=49828","title":{"rendered":"Conmoci\u00f3n en el automovilismo argentino: un tricampe\u00f3n muri\u00f3 en plena pista durante la \u00faltima vuelta de una carrera en La Plata"},"content":{"rendered":"<ul>\n<li>Se trata del chaque\u00f1o Alejandro Frangioli, de 66 a\u00f1os, que sufri\u00f3 un paro card\u00edaco y no pudo ser reanimado en el aut\u00f3dromo Roberto Mouras de La Plata.<\/li>\n<li>La despedida de la categor\u00eda en la que compet\u00eda y de sus rivales.<\/li>\n<\/ul>\n<p>\u200bSe trata del chaque\u00f1o Alejandro Frangioli, de 66 a\u00f1os, que sufri\u00f3 un paro card\u00edaco y no pudo ser reanimado en el aut\u00f3dromo Roberto Mouras de La Plata.La despedida de la categor\u00eda en la que compet\u00eda y de sus rivales.\u00a0<a href=\"https:\/\/www.clarin.com\/deportes\/conmocion-automovilismo-argentino-tricampeon-murio-plena-pista-ultima-vuelta-carrera-plata_0_1soKapVAbP.html\" target=\"_blank\" class=\"feedzy-rss-link-icon\">Read More<\/a><\/p>","protected":false},"excerpt":{"rendered":"<p>Se trata del chaque\u00f1o Alejandro Frangioli, de 66 a\u00f1os, que sufri\u00f3 un paro card\u00edaco y&#8230;<\/p>\n","protected":false},"author":1,"featured_media":0,"comment_status":"open","ping_status":"open","sticky":false,"template":"","format":"standard","meta":{"footnotes":""},"categories":[6],"tags":[],"class_list":["post-49828","post","type-post","status-publish","format-standard","has-post-thumbnail","hentry","category-deportes"],"_links":{"self":[{"href":"https:\/\/masquenoticiastucuman.com.ar\/index.php?rest_route=\/wp\/v2\/posts\/49828","targetHints":{"allow":["GET"]}}],"collection":[{"href":"https:\/\/masquenoticiastucuman.com.ar\/index.php?rest_route=\/wp\/v2\/posts"}],"about":[{"href":"https:\/\/masquenoticiastucuman.com.ar\/index.php?rest_route=\/wp\/v2\/types\/post"}],"author":[{"embeddable":true,"href":"https:\/\/masquenoticiastucuman.com.ar\/index.php?rest_route=\/wp\/v2\/users\/1"}],"replies":[{"embeddable":true,"href":"https:\/\/masquenoticiastucuman.com.ar\/index.php?rest_route=%2Fwp%2Fv2%2Fcomments&post=49828"}],"version-history":[{"count":0,"href":"https:\/\/masquenoticiastucuman.com.ar\/index.php?rest_route=\/wp\/v2\/posts\/49828\/revisions"}],"wp:attachment":[{"href":"https:\/\/masquenoticiastucuman.com.ar\/index.php?rest_route=%2Fwp%2Fv2%2Fmedia&parent=49828"}],"wp:term":[{"taxonomy":"category","embeddable":true,"href":"https:\/\/masquenoticiastucuman.com.ar\/index.php?rest_route=%2Fwp%2Fv2%2Fcategories&post=49828"},{"taxonomy":"post_tag","embeddable":true,"href":"https:\/\/masquenoticiastucuman.com.ar\/index.php?rest_route=%2Fwp%2Fv2%2Ftags&post=49828"}],"curies":[{"name":"wp","href":"https:\/\/api.w.org\/{rel}","templated":true}]}}