{"id":49830,"date":"2025-11-16T11:58:36","date_gmt":"2025-11-16T14:58:36","guid":{"rendered":"https:\/\/masquenoticiastucuman.com.ar\/?p=49830"},"modified":"2025-11-16T11:58:37","modified_gmt":"2025-11-16T14:58:37","slug":"iluminaron-casa-de-gobierno-de-amarillo-en-homenaje-a-las-victimas-viales","status":"publish","type":"post","link":"https:\/\/masquenoticiastucuman.com.ar\/?p=49830","title":{"rendered":"Iluminaron Casa de Gobierno de amarillo en homenaje a las v\u00edctimas viales"},"content":{"rendered":"\n<p>Por el D\u00eda Mundial de Reconocimiento de las V\u00edctimas de Accidentes Viales con un gesto de solidaridad y un llamado a la conciencia social.<\/p>\n\n\n\n<p>El Ministerio de Obras, a trav\u00e9s de la Secretar\u00eda de Transporte, adhiere al D\u00eda Mundial de Reconocimiento de las V\u00edctimas de Accidentes Viales con un gesto de solidaridad y un llamado a la conciencia social.<strong><\/strong><\/p>\n\n\n\n<p>El Ministerio de Obras, Infraestructura y Transporte P\u00fablico, a trav\u00e9s de la Secretar\u00eda de Transporte y Seguridad Vial, adhiere al D\u00eda Mundial en Recuerdo de las V\u00edctimas de Accidentes Viales, una jornada proclamada por la ONU para honrar a quienes perdieron la vida y para promover acciones de prevenci\u00f3n en todo el mundo.<\/p>\n\n\n\n<p>La cartera inform\u00f3 que la fachada de la Casa de Gobierno de Tucum\u00e1n se ilumin\u00f3 de color amarillo desde este s\u00e1bado a las 21:00 horas hasta las 6:00 del domingo 16 de noviembre. Este gesto simb\u00f3lico busca mantener viva la memoria de las v\u00edctimas de siniestros viales y, al mismo tiempo, generar conciencia colectiva sobre la importancia de la responsabilidad en la v\u00eda p\u00fablica.<\/p>\n\n\n\n<p>El color amarillo, asociado a la precauci\u00f3n y alerta, representa un mensaje institucional de solidaridad hacia las familias afectadas y refuerza la necesidad de avanzar en pol\u00edticas p\u00fablicas que reduzcan la siniestralidad. Los siniestros viales contin\u00faan siendo una de las principales causas de muerte y lesiones a nivel global y local, lo que convierte a la seguridad vial en una prioridad de salud p\u00fablica.<\/p>\n\n\n\n<p>Esta acci\u00f3n se enmarca en el compromiso del Gobierno provincial, conducido por el gobernador Osvaldo Jaldo, con la protecci\u00f3n y el cuidado de la ciudadan\u00eda. La iniciativa fue promovida por el ministro Ing. Marcelo Nazur, a partir de la propuesta elevada por la Agencia Nacional de Seguridad Vial a los miembros del Consejo Federal de Seguridad Vial, organismo del cual forma parte el secretario de Transporte, Vicente Nicastro..<\/p>\n\n\n\n<p>En este sentido, Nicastro destac\u00f3: \u201cEncender la Casa de Gobierno de amarillo es un acto de memoria y un llamado urgente a la reflexi\u00f3n. Detr\u00e1s de cada siniestro vial hay una vida y una familia. Desde la Secretar\u00eda impulsamos controles y educaci\u00f3n vial, pero la responsabilidad es de todos. Honramos a las v\u00edctimas reafirmando nuestro compromiso de reducir la siniestralidad en nuestras rutas y calles, porque cada vida salvada es un logro para toda la comunidad\u201d.<\/p>\n\n\n\n<p>Con la iluminaci\u00f3n del edificio m\u00e1s emblem\u00e1tico de la provincia, el Gobierno de Tucum\u00e1n reafirma su mensaje de prevenci\u00f3n y convoca a toda la sociedad a fortalecer una conducta vial responsable, transformando el recuerdo y el dolor en una acci\u00f3n colectiva de concientizaci\u00f3n y cuidado mutuo.<\/p>\n","protected":false},"excerpt":{"rendered":"<p>Por el D\u00eda Mundial de Reconocimiento de las V\u00edctimas de Accidentes Viales con un gesto&#8230;<\/p>\n","protected":false},"author":2,"featured_media":49831,"comment_status":"open","ping_status":"open","sticky":false,"template":"","format":"standard","meta":{"footnotes":""},"categories":[2],"tags":[],"class_list":["post-49830","post","type-post","status-publish","format-standard","has-post-thumbnail","hentry","category-locales"],"_links":{"self":[{"href":"https:\/\/masquenoticiastucuman.com.ar\/index.php?rest_route=\/wp\/v2\/posts\/49830","targetHints":{"allow":["GET"]}}],"collection":[{"href":"https:\/\/masquenoticiastucuman.com.ar\/index.php?rest_route=\/wp\/v2\/posts"}],"about":[{"href":"https:\/\/masquenoticiastucuman.com.ar\/index.php?rest_route=\/wp\/v2\/types\/post"}],"author":[{"embeddable":true,"href":"https:\/\/masquenoticiastucuman.com.ar\/index.php?rest_route=\/wp\/v2\/users\/2"}],"replies":[{"embeddable":true,"href":"https:\/\/masquenoticiastucuman.com.ar\/index.php?rest_route=%2Fwp%2Fv2%2Fcomments&post=49830"}],"version-history":[{"count":1,"href":"https:\/\/masquenoticiastucuman.com.ar\/index.php?rest_route=\/wp\/v2\/posts\/49830\/revisions"}],"predecessor-version":[{"id":49832,"href":"https:\/\/masquenoticiastucuman.com.ar\/index.php?rest_route=\/wp\/v2\/posts\/49830\/revisions\/49832"}],"wp:featuredmedia":[{"embeddable":true,"href":"https:\/\/masquenoticiastucuman.com.ar\/index.php?rest_route=\/wp\/v2\/media\/49831"}],"wp:attachment":[{"href":"https:\/\/masquenoticiastucuman.com.ar\/index.php?rest_route=%2Fwp%2Fv2%2Fmedia&parent=49830"}],"wp:term":[{"taxonomy":"category","embeddable":true,"href":"https:\/\/masquenoticiastucuman.com.ar\/index.php?rest_route=%2Fwp%2Fv2%2Fcategories&post=49830"},{"taxonomy":"post_tag","embeddable":true,"href":"https:\/\/masquenoticiastucuman.com.ar\/index.php?rest_route=%2Fwp%2Fv2%2Ftags&post=49830"}],"curies":[{"name":"wp","href":"https:\/\/api.w.org\/{rel}","templated":true}]}}