{"id":49833,"date":"2025-11-16T11:12:55","date_gmt":"2025-11-16T14:12:55","guid":{"rendered":"http:\/\/masquenoticiastucuman.com.ar\/?p=49833"},"modified":"2025-11-16T11:12:55","modified_gmt":"2025-11-16T14:12:55","slug":"fingio-su-muerte-cambio-de-identidad-y-huyo-a-europa-asi-cayo-pipo-chavarria-el-narco-acusado-de-400-crimenes-en-ecuador","status":"publish","type":"post","link":"https:\/\/masquenoticiastucuman.com.ar\/?p=49833","title":{"rendered":"Fingi\u00f3 su muerte, cambi\u00f3 de identidad y huy\u00f3 a Europa: as\u00ed cay\u00f3 &#8220;Pipo&#8221; Chavarr\u00eda, el narco acusado de 400 cr\u00edmenes en Ecuador"},"content":{"rendered":"<ul>\n<li>El l\u00edder de la banda Los Lobos fue capturado en las \u00faltimas horas, seg\u00fan anunci\u00f3 el presidente Daniel Noboa.<\/li>\n<\/ul>\n<p>\u200bEl l\u00edder de la banda Los Lobos fue capturado en las \u00faltimas horas, seg\u00fan anunci\u00f3 el presidente Daniel Noboa.\u00a0<a href=\"https:\/\/www.clarin.com\/mundo\/fingio-muerte-cambio-identidad-huyo-europa-cayo-pipo-chavarria-narco-acusado-400-crimenes-ecuador_0_rvXbMrbDOh.html\" target=\"_blank\" class=\"feedzy-rss-link-icon\">Read More<\/a><\/p>","protected":false},"excerpt":{"rendered":"<p>El l\u00edder de la banda Los Lobos fue capturado en las \u00faltimas horas, seg\u00fan anunci\u00f3&#8230;<\/p>\n","protected":false},"author":1,"featured_media":49834,"comment_status":"open","ping_status":"open","sticky":false,"template":"","format":"standard","meta":{"footnotes":""},"categories":[4],"tags":[],"class_list":["post-49833","post","type-post","status-publish","format-standard","has-post-thumbnail","hentry","category-internacionales"],"_links":{"self":[{"href":"https:\/\/masquenoticiastucuman.com.ar\/index.php?rest_route=\/wp\/v2\/posts\/49833","targetHints":{"allow":["GET"]}}],"collection":[{"href":"https:\/\/masquenoticiastucuman.com.ar\/index.php?rest_route=\/wp\/v2\/posts"}],"about":[{"href":"https:\/\/masquenoticiastucuman.com.ar\/index.php?rest_route=\/wp\/v2\/types\/post"}],"author":[{"embeddable":true,"href":"https:\/\/masquenoticiastucuman.com.ar\/index.php?rest_route=\/wp\/v2\/users\/1"}],"replies":[{"embeddable":true,"href":"https:\/\/masquenoticiastucuman.com.ar\/index.php?rest_route=%2Fwp%2Fv2%2Fcomments&post=49833"}],"version-history":[{"count":0,"href":"https:\/\/masquenoticiastucuman.com.ar\/index.php?rest_route=\/wp\/v2\/posts\/49833\/revisions"}],"wp:featuredmedia":[{"embeddable":true,"href":"https:\/\/masquenoticiastucuman.com.ar\/index.php?rest_route=\/wp\/v2\/media\/49834"}],"wp:attachment":[{"href":"https:\/\/masquenoticiastucuman.com.ar\/index.php?rest_route=%2Fwp%2Fv2%2Fmedia&parent=49833"}],"wp:term":[{"taxonomy":"category","embeddable":true,"href":"https:\/\/masquenoticiastucuman.com.ar\/index.php?rest_route=%2Fwp%2Fv2%2Fcategories&post=49833"},{"taxonomy":"post_tag","embeddable":true,"href":"https:\/\/masquenoticiastucuman.com.ar\/index.php?rest_route=%2Fwp%2Fv2%2Ftags&post=49833"}],"curies":[{"name":"wp","href":"https:\/\/api.w.org\/{rel}","templated":true}]}}