{"id":49836,"date":"2025-11-16T12:40:40","date_gmt":"2025-11-16T15:40:40","guid":{"rendered":"http:\/\/masquenoticiastucuman.com.ar\/?p=49836"},"modified":"2025-11-16T12:40:40","modified_gmt":"2025-11-16T15:40:40","slug":"brasil-embistio-con-su-camioneta-a-un-motochorro-que-quiso-robarle-e-hizo-marcha-atras-para-aplastarlo-cuando-estaba-en-el-piso","status":"publish","type":"post","link":"https:\/\/masquenoticiastucuman.com.ar\/?p=49836","title":{"rendered":"Brasil: embisti\u00f3 con su camioneta a un motochorro que quiso robarle e hizo marcha atr\u00e1s para aplastarlo cuando estaba en el piso"},"content":{"rendered":"<ul>\n<li>Ocurri\u00f3 en Rio de Janeiro este fin de semana y el conductor a\u00fan no fue identificado.<\/li>\n<li>La secuencia qued\u00f3 registrada por una c\u00e1mara de seguridad. El delincuente y su c\u00f3mplice, ambos con antecedentes, fueron hospitalizados.<\/li>\n<\/ul>\n<p>\u200bOcurri\u00f3 en Rio de Janeiro este fin de semana y el conductor a\u00fan no fue identificado.La secuencia qued\u00f3 registrada por una c\u00e1mara de seguridad. El delincuente y su c\u00f3mplice, ambos con antecedentes, fueron hospitalizados.\u00a0<a href=\"https:\/\/www.clarin.com\/mundo\/brasil-embistio-camioneta-motochorro-quiso-robarle-hizo-marcha-aplastarlo-piso_0_HglCo0uDhg.html\" target=\"_blank\" class=\"feedzy-rss-link-icon\">Read More<\/a><\/p>","protected":false},"excerpt":{"rendered":"<p>Ocurri\u00f3 en Rio de Janeiro este fin de semana y el conductor a\u00fan no fue&#8230;<\/p>\n","protected":false},"author":1,"featured_media":49837,"comment_status":"open","ping_status":"open","sticky":false,"template":"","format":"standard","meta":{"footnotes":""},"categories":[4],"tags":[],"class_list":["post-49836","post","type-post","status-publish","format-standard","has-post-thumbnail","hentry","category-internacionales"],"_links":{"self":[{"href":"https:\/\/masquenoticiastucuman.com.ar\/index.php?rest_route=\/wp\/v2\/posts\/49836","targetHints":{"allow":["GET"]}}],"collection":[{"href":"https:\/\/masquenoticiastucuman.com.ar\/index.php?rest_route=\/wp\/v2\/posts"}],"about":[{"href":"https:\/\/masquenoticiastucuman.com.ar\/index.php?rest_route=\/wp\/v2\/types\/post"}],"author":[{"embeddable":true,"href":"https:\/\/masquenoticiastucuman.com.ar\/index.php?rest_route=\/wp\/v2\/users\/1"}],"replies":[{"embeddable":true,"href":"https:\/\/masquenoticiastucuman.com.ar\/index.php?rest_route=%2Fwp%2Fv2%2Fcomments&post=49836"}],"version-history":[{"count":0,"href":"https:\/\/masquenoticiastucuman.com.ar\/index.php?rest_route=\/wp\/v2\/posts\/49836\/revisions"}],"wp:featuredmedia":[{"embeddable":true,"href":"https:\/\/masquenoticiastucuman.com.ar\/index.php?rest_route=\/wp\/v2\/media\/49837"}],"wp:attachment":[{"href":"https:\/\/masquenoticiastucuman.com.ar\/index.php?rest_route=%2Fwp%2Fv2%2Fmedia&parent=49836"}],"wp:term":[{"taxonomy":"category","embeddable":true,"href":"https:\/\/masquenoticiastucuman.com.ar\/index.php?rest_route=%2Fwp%2Fv2%2Fcategories&post=49836"},{"taxonomy":"post_tag","embeddable":true,"href":"https:\/\/masquenoticiastucuman.com.ar\/index.php?rest_route=%2Fwp%2Fv2%2Ftags&post=49836"}],"curies":[{"name":"wp","href":"https:\/\/api.w.org\/{rel}","templated":true}]}}