{"id":49841,"date":"2025-11-16T14:13:00","date_gmt":"2025-11-16T17:13:00","guid":{"rendered":"http:\/\/masquenoticiastucuman.com.ar\/?p=49841"},"modified":"2025-11-16T14:13:00","modified_gmt":"2025-11-16T17:13:00","slug":"carlos-alcaraz-vs-jannik-sinner-por-la-final-del-atp-finals-2025-en-vivo-el-espanol-y-el-italiano-frente-a-frente-por-el-ultimo-titulo","status":"publish","type":"post","link":"https:\/\/masquenoticiastucuman.com.ar\/?p=49841","title":{"rendered":"Carlos Alcaraz vs Jannik Sinner, por la final del ATP Finals 2025, EN VIVO: el espa\u00f1ol y el italiano frente a frente por el \u00faltimo t\u00edtulo"},"content":{"rendered":"<ul>\n<li>El espa\u00f1ol y el italiano, n\u00famero 1 y 2 del ranking mundial, se miden en Tur\u00edn.<\/li>\n<li>Televisan ESPN 2 y la plataforma Disney+.<\/li>\n<\/ul>\n<p>\u200bEl espa\u00f1ol y el italiano, n\u00famero 1 y 2 del ranking mundial, se miden en Tur\u00edn.Televisan ESPN 2 y la plataforma Disney+.\u00a0<a href=\"https:\/\/www.clarin.com\/deportes\/carlos-alcaraz-vs-jannik-sinner-final-atp-finals-2025-vivo-espanol-italiano-frente-frente-ultimo-titulo_0_bD7ogLJd9w.html\" target=\"_blank\" class=\"feedzy-rss-link-icon\">Read More<\/a><\/p>","protected":false},"excerpt":{"rendered":"<p>El espa\u00f1ol y el italiano, n\u00famero 1 y 2 del ranking mundial, se miden en&#8230;<\/p>\n","protected":false},"author":1,"featured_media":0,"comment_status":"open","ping_status":"open","sticky":false,"template":"","format":"standard","meta":{"footnotes":""},"categories":[6],"tags":[],"class_list":["post-49841","post","type-post","status-publish","format-standard","has-post-thumbnail","hentry","category-deportes"],"_links":{"self":[{"href":"https:\/\/masquenoticiastucuman.com.ar\/index.php?rest_route=\/wp\/v2\/posts\/49841","targetHints":{"allow":["GET"]}}],"collection":[{"href":"https:\/\/masquenoticiastucuman.com.ar\/index.php?rest_route=\/wp\/v2\/posts"}],"about":[{"href":"https:\/\/masquenoticiastucuman.com.ar\/index.php?rest_route=\/wp\/v2\/types\/post"}],"author":[{"embeddable":true,"href":"https:\/\/masquenoticiastucuman.com.ar\/index.php?rest_route=\/wp\/v2\/users\/1"}],"replies":[{"embeddable":true,"href":"https:\/\/masquenoticiastucuman.com.ar\/index.php?rest_route=%2Fwp%2Fv2%2Fcomments&post=49841"}],"version-history":[{"count":0,"href":"https:\/\/masquenoticiastucuman.com.ar\/index.php?rest_route=\/wp\/v2\/posts\/49841\/revisions"}],"wp:attachment":[{"href":"https:\/\/masquenoticiastucuman.com.ar\/index.php?rest_route=%2Fwp%2Fv2%2Fmedia&parent=49841"}],"wp:term":[{"taxonomy":"category","embeddable":true,"href":"https:\/\/masquenoticiastucuman.com.ar\/index.php?rest_route=%2Fwp%2Fv2%2Fcategories&post=49841"},{"taxonomy":"post_tag","embeddable":true,"href":"https:\/\/masquenoticiastucuman.com.ar\/index.php?rest_route=%2Fwp%2Fv2%2Ftags&post=49841"}],"curies":[{"name":"wp","href":"https:\/\/api.w.org\/{rel}","templated":true}]}}