{"id":49842,"date":"2025-11-16T14:06:17","date_gmt":"2025-11-16T17:06:17","guid":{"rendered":"http:\/\/masquenoticiastucuman.com.ar\/?p=49842"},"modified":"2025-11-16T14:06:17","modified_gmt":"2025-11-16T17:06:17","slug":"portugal-no-extrano-a-cristiano-ronaldo-y-clasifico-al-mundial-2026-con-un-resultado-que-mete-miedo-9-1-a-armenia","status":"publish","type":"post","link":"https:\/\/masquenoticiastucuman.com.ar\/?p=49842","title":{"rendered":"Portugal no extra\u00f1\u00f3 a Cristiano Ronaldo y clasific\u00f3 al Mundial 2026 con un resultado que mete miedo: 9-1 a Armenia"},"content":{"rendered":"<ul>\n<li>Al astro lo hab\u00edan expulsado por un brutal codazo contra Irlanda, el jueves pasado.<\/li>\n<li>Mir\u00e1 el resumen.<\/li>\n<\/ul>\n<p>\u200bAl astro lo hab\u00edan expulsado por un brutal codazo contra Irlanda, el jueves pasado.Mir\u00e1 el resumen.\u00a0<a href=\"https:\/\/www.clarin.com\/deportes\/portugal-extrano-cristiano-ronaldo-clasifico-mundial-2026-resultado-mete-miedo-9-1-armenia_0_K7He5DQofs.html\" target=\"_blank\" class=\"feedzy-rss-link-icon\">Read More<\/a><\/p>","protected":false},"excerpt":{"rendered":"<p>Al astro lo hab\u00edan expulsado por un brutal codazo contra Irlanda, el jueves pasado. Mir\u00e1&#8230;<\/p>\n","protected":false},"author":1,"featured_media":0,"comment_status":"open","ping_status":"open","sticky":false,"template":"","format":"standard","meta":{"footnotes":""},"categories":[6],"tags":[],"class_list":["post-49842","post","type-post","status-publish","format-standard","has-post-thumbnail","hentry","category-deportes"],"_links":{"self":[{"href":"https:\/\/masquenoticiastucuman.com.ar\/index.php?rest_route=\/wp\/v2\/posts\/49842","targetHints":{"allow":["GET"]}}],"collection":[{"href":"https:\/\/masquenoticiastucuman.com.ar\/index.php?rest_route=\/wp\/v2\/posts"}],"about":[{"href":"https:\/\/masquenoticiastucuman.com.ar\/index.php?rest_route=\/wp\/v2\/types\/post"}],"author":[{"embeddable":true,"href":"https:\/\/masquenoticiastucuman.com.ar\/index.php?rest_route=\/wp\/v2\/users\/1"}],"replies":[{"embeddable":true,"href":"https:\/\/masquenoticiastucuman.com.ar\/index.php?rest_route=%2Fwp%2Fv2%2Fcomments&post=49842"}],"version-history":[{"count":0,"href":"https:\/\/masquenoticiastucuman.com.ar\/index.php?rest_route=\/wp\/v2\/posts\/49842\/revisions"}],"wp:attachment":[{"href":"https:\/\/masquenoticiastucuman.com.ar\/index.php?rest_route=%2Fwp%2Fv2%2Fmedia&parent=49842"}],"wp:term":[{"taxonomy":"category","embeddable":true,"href":"https:\/\/masquenoticiastucuman.com.ar\/index.php?rest_route=%2Fwp%2Fv2%2Fcategories&post=49842"},{"taxonomy":"post_tag","embeddable":true,"href":"https:\/\/masquenoticiastucuman.com.ar\/index.php?rest_route=%2Fwp%2Fv2%2Ftags&post=49842"}],"curies":[{"name":"wp","href":"https:\/\/api.w.org\/{rel}","templated":true}]}}