{"id":49845,"date":"2025-11-16T14:01:08","date_gmt":"2025-11-16T17:01:08","guid":{"rendered":"http:\/\/masquenoticiastucuman.com.ar\/?p=49845"},"modified":"2025-11-16T14:01:08","modified_gmt":"2025-11-16T17:01:08","slug":"por-que-ver-the-paper-el-spin-off-de-the-office-incluso-sin-ser-fan-de-la-serie-original","status":"publish","type":"post","link":"https:\/\/masquenoticiastucuman.com.ar\/?p=49845","title":{"rendered":"Por qu\u00e9 ver The Paper, el spin-off de The Office, incluso sin ser fan de la serie original"},"content":{"rendered":"<ul>\n<li>Con un elenco afinado, un protagonista brillante y una mirada actual sobre el trabajo en tiempos de tecnolog\u00eda, la ficci\u00f3n de HBO Max ya es furor en todo el mundo.<\/li>\n<li>Cu\u00e1les son los puntos clave que mejor\u00f3 respecto de su antecesora.<\/li>\n<li>\u00bfPor qu\u00e9 la recomend\u00f3 Taylor Swift con tanta insistencia?<\/li>\n<\/ul>\n<p>\u200bCon un elenco afinado, un protagonista brillante y una mirada actual sobre el trabajo en tiempos de tecnolog\u00eda, la ficci\u00f3n de HBO Max ya es furor en todo el mundo.Cu\u00e1les son los puntos clave que mejor\u00f3 respecto de su antecesora.\u00bfPor qu\u00e9 la recomend\u00f3 Taylor Swift con tanta insistencia?\u00a0<a href=\"https:\/\/www.clarin.com\/espectaculos\/ver-the-paper-spin-off-the-office-incluso-fan-serie-original_0_Z3AqJF93lM.html\" target=\"_blank\" class=\"feedzy-rss-link-icon\">Read More<\/a><\/p>","protected":false},"excerpt":{"rendered":"<p>Con un elenco afinado, un protagonista brillante y una mirada actual sobre el trabajo en&#8230;<\/p>\n","protected":false},"author":1,"featured_media":49846,"comment_status":"open","ping_status":"open","sticky":false,"template":"","format":"standard","meta":{"footnotes":""},"categories":[5],"tags":[],"class_list":["post-49845","post","type-post","status-publish","format-standard","has-post-thumbnail","hentry","category-espectaculo"],"_links":{"self":[{"href":"https:\/\/masquenoticiastucuman.com.ar\/index.php?rest_route=\/wp\/v2\/posts\/49845","targetHints":{"allow":["GET"]}}],"collection":[{"href":"https:\/\/masquenoticiastucuman.com.ar\/index.php?rest_route=\/wp\/v2\/posts"}],"about":[{"href":"https:\/\/masquenoticiastucuman.com.ar\/index.php?rest_route=\/wp\/v2\/types\/post"}],"author":[{"embeddable":true,"href":"https:\/\/masquenoticiastucuman.com.ar\/index.php?rest_route=\/wp\/v2\/users\/1"}],"replies":[{"embeddable":true,"href":"https:\/\/masquenoticiastucuman.com.ar\/index.php?rest_route=%2Fwp%2Fv2%2Fcomments&post=49845"}],"version-history":[{"count":0,"href":"https:\/\/masquenoticiastucuman.com.ar\/index.php?rest_route=\/wp\/v2\/posts\/49845\/revisions"}],"wp:featuredmedia":[{"embeddable":true,"href":"https:\/\/masquenoticiastucuman.com.ar\/index.php?rest_route=\/wp\/v2\/media\/49846"}],"wp:attachment":[{"href":"https:\/\/masquenoticiastucuman.com.ar\/index.php?rest_route=%2Fwp%2Fv2%2Fmedia&parent=49845"}],"wp:term":[{"taxonomy":"category","embeddable":true,"href":"https:\/\/masquenoticiastucuman.com.ar\/index.php?rest_route=%2Fwp%2Fv2%2Fcategories&post=49845"},{"taxonomy":"post_tag","embeddable":true,"href":"https:\/\/masquenoticiastucuman.com.ar\/index.php?rest_route=%2Fwp%2Fv2%2Ftags&post=49845"}],"curies":[{"name":"wp","href":"https:\/\/api.w.org\/{rel}","templated":true}]}}