{"id":49847,"date":"2025-11-16T15:01:08","date_gmt":"2025-11-16T18:01:08","guid":{"rendered":"http:\/\/masquenoticiastucuman.com.ar\/?p=49847"},"modified":"2025-11-16T15:01:08","modified_gmt":"2025-11-16T18:01:08","slug":"las-cuatro-preguntas-que-se-votan-este-domingo-en-el-referendum-de-ecuador","status":"publish","type":"post","link":"https:\/\/masquenoticiastucuman.com.ar\/?p=49847","title":{"rendered":"Las cuatro preguntas que se votan este domingo en el refer\u00e9ndum de Ecuador"},"content":{"rendered":"<ul>\n<li>M\u00e1s de 13,6 millones de ecuatorianos est\u00e1n convocados este domingo a las urnas para votar &#8216;S\u00ed&#8217; o &#8216;No&#8217;.<\/li>\n<li>El oficialismo del presidente Daniel Noboa se ha lanzado a apoyar e incentivar el &#8216;S\u00ed&#8217; para las cuatro preguntas, mientras que tanto el corre\u00edsmo como el movimiento ind\u00edgena promueven el &#8216;No&#8217;,<\/li>\n<\/ul>\n<p>\u200bM\u00e1s de 13,6 millones de ecuatorianos est\u00e1n convocados este domingo a las urnas para votar &#8216;S\u00ed&#8217; o &#8216;No&#8217;.El oficialismo del presidente Daniel Noboa se ha lanzado a apoyar e incentivar el &#8216;S\u00ed&#8217; para las cuatro preguntas, mientras que tanto el corre\u00edsmo como el movimiento ind\u00edgena promueven el &#8216;No&#8217;,\u00a0<a href=\"https:\/\/www.clarin.com\/mundo\/preguntas-votan-domingo-referendum-ecuador_0_YgA0eZu67R.html\" target=\"_blank\" class=\"feedzy-rss-link-icon\">Read More<\/a><\/p>","protected":false},"excerpt":{"rendered":"<p>M\u00e1s de 13,6 millones de ecuatorianos est\u00e1n convocados este domingo a las urnas para votar&#8230;<\/p>\n","protected":false},"author":1,"featured_media":49848,"comment_status":"open","ping_status":"open","sticky":false,"template":"","format":"standard","meta":{"footnotes":""},"categories":[4],"tags":[],"class_list":["post-49847","post","type-post","status-publish","format-standard","has-post-thumbnail","hentry","category-internacionales"],"_links":{"self":[{"href":"https:\/\/masquenoticiastucuman.com.ar\/index.php?rest_route=\/wp\/v2\/posts\/49847","targetHints":{"allow":["GET"]}}],"collection":[{"href":"https:\/\/masquenoticiastucuman.com.ar\/index.php?rest_route=\/wp\/v2\/posts"}],"about":[{"href":"https:\/\/masquenoticiastucuman.com.ar\/index.php?rest_route=\/wp\/v2\/types\/post"}],"author":[{"embeddable":true,"href":"https:\/\/masquenoticiastucuman.com.ar\/index.php?rest_route=\/wp\/v2\/users\/1"}],"replies":[{"embeddable":true,"href":"https:\/\/masquenoticiastucuman.com.ar\/index.php?rest_route=%2Fwp%2Fv2%2Fcomments&post=49847"}],"version-history":[{"count":0,"href":"https:\/\/masquenoticiastucuman.com.ar\/index.php?rest_route=\/wp\/v2\/posts\/49847\/revisions"}],"wp:featuredmedia":[{"embeddable":true,"href":"https:\/\/masquenoticiastucuman.com.ar\/index.php?rest_route=\/wp\/v2\/media\/49848"}],"wp:attachment":[{"href":"https:\/\/masquenoticiastucuman.com.ar\/index.php?rest_route=%2Fwp%2Fv2%2Fmedia&parent=49847"}],"wp:term":[{"taxonomy":"category","embeddable":true,"href":"https:\/\/masquenoticiastucuman.com.ar\/index.php?rest_route=%2Fwp%2Fv2%2Fcategories&post=49847"},{"taxonomy":"post_tag","embeddable":true,"href":"https:\/\/masquenoticiastucuman.com.ar\/index.php?rest_route=%2Fwp%2Fv2%2Ftags&post=49847"}],"curies":[{"name":"wp","href":"https:\/\/api.w.org\/{rel}","templated":true}]}}