{"id":49851,"date":"2025-11-16T16:58:36","date_gmt":"2025-11-16T19:58:36","guid":{"rendered":"http:\/\/masquenoticiastucuman.com.ar\/?p=49851"},"modified":"2025-11-16T16:58:36","modified_gmt":"2025-11-16T19:58:36","slug":"el-buque-uruguayo-con-2-901-vacas-regresa-desde-turquia-un-mes-de-viaje-y-la-incertidumbre-de-cuantos-animales-llegaran-con-vida","status":"publish","type":"post","link":"https:\/\/masquenoticiastucuman.com.ar\/?p=49851","title":{"rendered":"El buque uruguayo con 2.901 vacas regresa desde Turqu\u00eda: un mes de viaje y la incertidumbre de cu\u00e1ntos animales llegar\u00e1n con vida"},"content":{"rendered":"<ul>\n<li>Se estima que llegue a Montevideo el 14 de diciembre luego de haber partido este s\u00e1bado desde el puerto de Bandirma.<\/li>\n<li>No hay datos oficiales sobre cu\u00e1ntos animales regresan y en qu\u00e9 estado est\u00e1n.<\/li>\n<\/ul>\n<p>\u200bSe estima que llegue a Montevideo el 14 de diciembre luego de haber partido este s\u00e1bado desde el puerto de Bandirma.No hay datos oficiales sobre cu\u00e1ntos animales regresan y en qu\u00e9 estado est\u00e1n.\u00a0<a href=\"https:\/\/www.clarin.com\/mundo\/buque-uruguayo-2901-vacas-regresa-turquia-mes-viaje-incertidumbre-animales-llegaran-vida_0_xcaytrIpf9.html\" target=\"_blank\" class=\"feedzy-rss-link-icon\">Read More<\/a><\/p>","protected":false},"excerpt":{"rendered":"<p>Se estima que llegue a Montevideo el 14 de diciembre luego de haber partido este&#8230;<\/p>\n","protected":false},"author":1,"featured_media":49852,"comment_status":"open","ping_status":"open","sticky":false,"template":"","format":"standard","meta":{"footnotes":""},"categories":[4],"tags":[],"class_list":["post-49851","post","type-post","status-publish","format-standard","has-post-thumbnail","hentry","category-internacionales"],"_links":{"self":[{"href":"https:\/\/masquenoticiastucuman.com.ar\/index.php?rest_route=\/wp\/v2\/posts\/49851","targetHints":{"allow":["GET"]}}],"collection":[{"href":"https:\/\/masquenoticiastucuman.com.ar\/index.php?rest_route=\/wp\/v2\/posts"}],"about":[{"href":"https:\/\/masquenoticiastucuman.com.ar\/index.php?rest_route=\/wp\/v2\/types\/post"}],"author":[{"embeddable":true,"href":"https:\/\/masquenoticiastucuman.com.ar\/index.php?rest_route=\/wp\/v2\/users\/1"}],"replies":[{"embeddable":true,"href":"https:\/\/masquenoticiastucuman.com.ar\/index.php?rest_route=%2Fwp%2Fv2%2Fcomments&post=49851"}],"version-history":[{"count":0,"href":"https:\/\/masquenoticiastucuman.com.ar\/index.php?rest_route=\/wp\/v2\/posts\/49851\/revisions"}],"wp:featuredmedia":[{"embeddable":true,"href":"https:\/\/masquenoticiastucuman.com.ar\/index.php?rest_route=\/wp\/v2\/media\/49852"}],"wp:attachment":[{"href":"https:\/\/masquenoticiastucuman.com.ar\/index.php?rest_route=%2Fwp%2Fv2%2Fmedia&parent=49851"}],"wp:term":[{"taxonomy":"category","embeddable":true,"href":"https:\/\/masquenoticiastucuman.com.ar\/index.php?rest_route=%2Fwp%2Fv2%2Fcategories&post=49851"},{"taxonomy":"post_tag","embeddable":true,"href":"https:\/\/masquenoticiastucuman.com.ar\/index.php?rest_route=%2Fwp%2Fv2%2Ftags&post=49851"}],"curies":[{"name":"wp","href":"https:\/\/api.w.org\/{rel}","templated":true}]}}