{"id":49853,"date":"2025-11-16T16:31:09","date_gmt":"2025-11-16T19:31:09","guid":{"rendered":"http:\/\/masquenoticiastucuman.com.ar\/?p=49853"},"modified":"2025-11-16T16:31:09","modified_gmt":"2025-11-16T19:31:09","slug":"israel-el-premier-benjamin-netanyahu-reitera-su-oposicion-a-un-estado-palestino-antes-de-la-votacion-en-la-onu-sobre-gaza","status":"publish","type":"post","link":"https:\/\/masquenoticiastucuman.com.ar\/?p=49853","title":{"rendered":"Israel: el premier Benjamin Netanyahu reitera su oposici\u00f3n a un Estado palestino antes de la votaci\u00f3n en la ONU sobre Gaza"},"content":{"rendered":"<ul>\n<li>El primer ministro israel\u00ed inici\u00f3 el Consejo de Ministros de este domingo afirmando que su oposici\u00f3n a un Estado palestino &#8220;no ha cambiado&#8221;.<\/li>\n<li>La resoluci\u00f3n del Consejo de Seguridad marcar\u00eda un inicio efectivo de la segunda fase del acuerdo impulsado por Estados Unidos que permiti\u00f3 un cese al fuego.<\/li>\n<\/ul>\n<p>\u200bEl primer ministro israel\u00ed inici\u00f3 el Consejo de Ministros de este domingo afirmando que su oposici\u00f3n a un Estado palestino &#8220;no ha cambiado&#8221;.La resoluci\u00f3n del Consejo de Seguridad marcar\u00eda un inicio efectivo de la segunda fase del acuerdo impulsado por Estados Unidos que permiti\u00f3 un cese al fuego.\u00a0<a href=\"https:\/\/www.clarin.com\/mundo\/israel-premier-benjamin-netanyahu-reitera-oposicion-estado-palestino-votacion-onu-gaza_0_Mn5zzNb7hP.html\" target=\"_blank\" class=\"feedzy-rss-link-icon\">Read More<\/a><\/p>","protected":false},"excerpt":{"rendered":"<p>El primer ministro israel\u00ed inici\u00f3 el Consejo de Ministros de este domingo afirmando que su&#8230;<\/p>\n","protected":false},"author":1,"featured_media":49854,"comment_status":"open","ping_status":"open","sticky":false,"template":"","format":"standard","meta":{"footnotes":""},"categories":[4],"tags":[],"class_list":["post-49853","post","type-post","status-publish","format-standard","has-post-thumbnail","hentry","category-internacionales"],"_links":{"self":[{"href":"https:\/\/masquenoticiastucuman.com.ar\/index.php?rest_route=\/wp\/v2\/posts\/49853","targetHints":{"allow":["GET"]}}],"collection":[{"href":"https:\/\/masquenoticiastucuman.com.ar\/index.php?rest_route=\/wp\/v2\/posts"}],"about":[{"href":"https:\/\/masquenoticiastucuman.com.ar\/index.php?rest_route=\/wp\/v2\/types\/post"}],"author":[{"embeddable":true,"href":"https:\/\/masquenoticiastucuman.com.ar\/index.php?rest_route=\/wp\/v2\/users\/1"}],"replies":[{"embeddable":true,"href":"https:\/\/masquenoticiastucuman.com.ar\/index.php?rest_route=%2Fwp%2Fv2%2Fcomments&post=49853"}],"version-history":[{"count":0,"href":"https:\/\/masquenoticiastucuman.com.ar\/index.php?rest_route=\/wp\/v2\/posts\/49853\/revisions"}],"wp:featuredmedia":[{"embeddable":true,"href":"https:\/\/masquenoticiastucuman.com.ar\/index.php?rest_route=\/wp\/v2\/media\/49854"}],"wp:attachment":[{"href":"https:\/\/masquenoticiastucuman.com.ar\/index.php?rest_route=%2Fwp%2Fv2%2Fmedia&parent=49853"}],"wp:term":[{"taxonomy":"category","embeddable":true,"href":"https:\/\/masquenoticiastucuman.com.ar\/index.php?rest_route=%2Fwp%2Fv2%2Fcategories&post=49853"},{"taxonomy":"post_tag","embeddable":true,"href":"https:\/\/masquenoticiastucuman.com.ar\/index.php?rest_route=%2Fwp%2Fv2%2Ftags&post=49853"}],"curies":[{"name":"wp","href":"https:\/\/api.w.org\/{rel}","templated":true}]}}