{"id":49856,"date":"2025-11-16T16:51:48","date_gmt":"2025-11-16T19:51:48","guid":{"rendered":"http:\/\/masquenoticiastucuman.com.ar\/?p=49856"},"modified":"2025-11-16T16:51:48","modified_gmt":"2025-11-16T19:51:48","slug":"la-mira-de-contepomi-ya-esta-puesta-en-inglaterra-iremos-con-los-23-que-mejor-nos-representen-mental-fisica-y-espiritualmente","status":"publish","type":"post","link":"https:\/\/masquenoticiastucuman.com.ar\/?p=49856","title":{"rendered":"La mira de Contepomi ya est\u00e1 puesta en Inglaterra: &#8220;Iremos con los 23 que mejor nos representen mental, f\u00edsica y espiritualmente&#8221;"},"content":{"rendered":"<ul>\n<li>En conferencia de prensa, el entrenador se refiri\u00f3 al rival de la semana pr\u00f3xima. <\/li>\n<li>Tambi\u00e9n destac\u00f3 algunos buenos momentos dentro del flojo primer tiempo. <\/li>\n<\/ul>\n<p>\u200bEn conferencia de prensa, el entrenador se refiri\u00f3 al rival de la semana pr\u00f3xima. Tambi\u00e9n destac\u00f3 algunos buenos momentos dentro del flojo primer tiempo.\u00a0<a href=\"https:\/\/www.clarin.com\/deportes\/mira-contepomi-puesta-inglaterra-iremos-23-mejor-representen-mental-fisica-espiritualmente_0_tNFndNjNIG.html\" target=\"_blank\" class=\"feedzy-rss-link-icon\">Read More<\/a><\/p>","protected":false},"excerpt":{"rendered":"<p>En conferencia de prensa, el entrenador se refiri\u00f3 al rival de la semana pr\u00f3xima. Tambi\u00e9n&#8230;<\/p>\n","protected":false},"author":1,"featured_media":0,"comment_status":"open","ping_status":"open","sticky":false,"template":"","format":"standard","meta":{"footnotes":""},"categories":[6],"tags":[],"class_list":["post-49856","post","type-post","status-publish","format-standard","has-post-thumbnail","hentry","category-deportes"],"_links":{"self":[{"href":"https:\/\/masquenoticiastucuman.com.ar\/index.php?rest_route=\/wp\/v2\/posts\/49856","targetHints":{"allow":["GET"]}}],"collection":[{"href":"https:\/\/masquenoticiastucuman.com.ar\/index.php?rest_route=\/wp\/v2\/posts"}],"about":[{"href":"https:\/\/masquenoticiastucuman.com.ar\/index.php?rest_route=\/wp\/v2\/types\/post"}],"author":[{"embeddable":true,"href":"https:\/\/masquenoticiastucuman.com.ar\/index.php?rest_route=\/wp\/v2\/users\/1"}],"replies":[{"embeddable":true,"href":"https:\/\/masquenoticiastucuman.com.ar\/index.php?rest_route=%2Fwp%2Fv2%2Fcomments&post=49856"}],"version-history":[{"count":0,"href":"https:\/\/masquenoticiastucuman.com.ar\/index.php?rest_route=\/wp\/v2\/posts\/49856\/revisions"}],"wp:attachment":[{"href":"https:\/\/masquenoticiastucuman.com.ar\/index.php?rest_route=%2Fwp%2Fv2%2Fmedia&parent=49856"}],"wp:term":[{"taxonomy":"category","embeddable":true,"href":"https:\/\/masquenoticiastucuman.com.ar\/index.php?rest_route=%2Fwp%2Fv2%2Fcategories&post=49856"},{"taxonomy":"post_tag","embeddable":true,"href":"https:\/\/masquenoticiastucuman.com.ar\/index.php?rest_route=%2Fwp%2Fv2%2Ftags&post=49856"}],"curies":[{"name":"wp","href":"https:\/\/api.w.org\/{rel}","templated":true}]}}