{"id":49861,"date":"2025-11-16T19:11:27","date_gmt":"2025-11-16T22:11:27","guid":{"rendered":"http:\/\/masquenoticiastucuman.com.ar\/?p=49861"},"modified":"2025-11-16T19:11:27","modified_gmt":"2025-11-16T22:11:27","slug":"cierran-las-urnas-del-referendum-en-ecuador-y-se-inicia-el-escrutinio-de-votos","status":"publish","type":"post","link":"https:\/\/masquenoticiastucuman.com.ar\/?p=49861","title":{"rendered":"Cierran las urnas del refer\u00e9ndum en Ecuador y se inicia el escrutinio de votos"},"content":{"rendered":"<ul>\n<li>Los votantes tambi\u00e9n deb\u00edan responder &#8216;S\u00ed&#8217; o &#8216;No&#8217; a permitir nuevamente la instalaci\u00f3n de bases militares extranjeras en el territorio nacional, como uno de los cuatro temas.<\/li>\n<li>Adem\u00e1s, se votaba la reducci\u00f3n del n\u00famero de integrantes de la Asamblea Nacional (Parlamento) y la eliminaci\u00f3n de la financiaci\u00f3n p\u00fablica a los partidos pol\u00edticos.<\/li>\n<\/ul>\n<p>\u200bLos votantes tambi\u00e9n deb\u00edan responder &#8216;S\u00ed&#8217; o &#8216;No&#8217; a permitir nuevamente la instalaci\u00f3n de bases militares extranjeras en el territorio nacional, como uno de los cuatro temas.Adem\u00e1s, se votaba la reducci\u00f3n del n\u00famero de integrantes de la Asamblea Nacional (Parlamento) y la eliminaci\u00f3n de la financiaci\u00f3n p\u00fablica a los partidos pol\u00edticos.\u00a0<a href=\"https:\/\/www.clarin.com\/mundo\/cierran-urnas-referendum-ecuador-inicia-escrutinio-votos_0_iRoZmCUuOh.html\" target=\"_blank\" class=\"feedzy-rss-link-icon\">Read More<\/a><\/p>","protected":false},"excerpt":{"rendered":"<p>Los votantes tambi\u00e9n deb\u00edan responder &#8216;S\u00ed&#8217; o &#8216;No&#8217; a permitir nuevamente la instalaci\u00f3n de bases&#8230;<\/p>\n","protected":false},"author":1,"featured_media":49862,"comment_status":"open","ping_status":"open","sticky":false,"template":"","format":"standard","meta":{"footnotes":""},"categories":[4],"tags":[],"class_list":["post-49861","post","type-post","status-publish","format-standard","has-post-thumbnail","hentry","category-internacionales"],"_links":{"self":[{"href":"https:\/\/masquenoticiastucuman.com.ar\/index.php?rest_route=\/wp\/v2\/posts\/49861","targetHints":{"allow":["GET"]}}],"collection":[{"href":"https:\/\/masquenoticiastucuman.com.ar\/index.php?rest_route=\/wp\/v2\/posts"}],"about":[{"href":"https:\/\/masquenoticiastucuman.com.ar\/index.php?rest_route=\/wp\/v2\/types\/post"}],"author":[{"embeddable":true,"href":"https:\/\/masquenoticiastucuman.com.ar\/index.php?rest_route=\/wp\/v2\/users\/1"}],"replies":[{"embeddable":true,"href":"https:\/\/masquenoticiastucuman.com.ar\/index.php?rest_route=%2Fwp%2Fv2%2Fcomments&post=49861"}],"version-history":[{"count":0,"href":"https:\/\/masquenoticiastucuman.com.ar\/index.php?rest_route=\/wp\/v2\/posts\/49861\/revisions"}],"wp:featuredmedia":[{"embeddable":true,"href":"https:\/\/masquenoticiastucuman.com.ar\/index.php?rest_route=\/wp\/v2\/media\/49862"}],"wp:attachment":[{"href":"https:\/\/masquenoticiastucuman.com.ar\/index.php?rest_route=%2Fwp%2Fv2%2Fmedia&parent=49861"}],"wp:term":[{"taxonomy":"category","embeddable":true,"href":"https:\/\/masquenoticiastucuman.com.ar\/index.php?rest_route=%2Fwp%2Fv2%2Fcategories&post=49861"},{"taxonomy":"post_tag","embeddable":true,"href":"https:\/\/masquenoticiastucuman.com.ar\/index.php?rest_route=%2Fwp%2Fv2%2Ftags&post=49861"}],"curies":[{"name":"wp","href":"https:\/\/api.w.org\/{rel}","templated":true}]}}