{"id":49868,"date":"2025-11-16T19:19:05","date_gmt":"2025-11-16T22:19:05","guid":{"rendered":"http:\/\/masquenoticiastucuman.com.ar\/?p=49868"},"modified":"2025-11-16T19:19:05","modified_gmt":"2025-11-16T22:19:05","slug":"batalla-campal-en-la-semifinal-del-reducido-deportivo-madryn-le-gano-a-moron-1-0-y-los-futbolistas-terminaron-a-las-pinas","status":"publish","type":"post","link":"https:\/\/masquenoticiastucuman.com.ar\/?p=49868","title":{"rendered":"Batalla campal en la semifinal del Reducido: Deportivo Madryn le gan\u00f3 a Mor\u00f3n 1-0 y los futbolistas terminaron a las pi\u00f1as"},"content":{"rendered":"<ul>\n<li>Luego de una semana repleta de pol\u00e9micas donde sancionaron al DT del Gallo por una supuesta declaraci\u00f3n, el equipo de Pen\u00ednsula de Vald\u00e9s se meti\u00f3 en el partido que definir\u00e1 que sube a la Liga Profesional. <\/li>\n<li>Sobre el final, todo termin\u00f3 en una batalla campal.<\/li>\n<\/ul>\n<p>\u200bLuego de una semana repleta de pol\u00e9micas donde sancionaron al DT del Gallo por una supuesta declaraci\u00f3n, el equipo de Pen\u00ednsula de Vald\u00e9s se meti\u00f3 en el partido que definir\u00e1 que sube a la Liga Profesional. Sobre el final, todo termin\u00f3 en una batalla campal.\u00a0<a href=\"https:\/\/www.clarin.com\/deportes\/deportivo-madryn-gano-moron-1-0-metio-final-reducido-ascenso-primera-gracias-ventaja-deportiva_0_kzYFqbyzwd.html\" target=\"_blank\" class=\"feedzy-rss-link-icon\">Read More<\/a><\/p>","protected":false},"excerpt":{"rendered":"<p>Luego de una semana repleta de pol\u00e9micas donde sancionaron al DT del Gallo por una&#8230;<\/p>\n","protected":false},"author":1,"featured_media":0,"comment_status":"open","ping_status":"open","sticky":false,"template":"","format":"standard","meta":{"footnotes":""},"categories":[6],"tags":[],"class_list":["post-49868","post","type-post","status-publish","format-standard","has-post-thumbnail","hentry","category-deportes"],"_links":{"self":[{"href":"https:\/\/masquenoticiastucuman.com.ar\/index.php?rest_route=\/wp\/v2\/posts\/49868","targetHints":{"allow":["GET"]}}],"collection":[{"href":"https:\/\/masquenoticiastucuman.com.ar\/index.php?rest_route=\/wp\/v2\/posts"}],"about":[{"href":"https:\/\/masquenoticiastucuman.com.ar\/index.php?rest_route=\/wp\/v2\/types\/post"}],"author":[{"embeddable":true,"href":"https:\/\/masquenoticiastucuman.com.ar\/index.php?rest_route=\/wp\/v2\/users\/1"}],"replies":[{"embeddable":true,"href":"https:\/\/masquenoticiastucuman.com.ar\/index.php?rest_route=%2Fwp%2Fv2%2Fcomments&post=49868"}],"version-history":[{"count":0,"href":"https:\/\/masquenoticiastucuman.com.ar\/index.php?rest_route=\/wp\/v2\/posts\/49868\/revisions"}],"wp:attachment":[{"href":"https:\/\/masquenoticiastucuman.com.ar\/index.php?rest_route=%2Fwp%2Fv2%2Fmedia&parent=49868"}],"wp:term":[{"taxonomy":"category","embeddable":true,"href":"https:\/\/masquenoticiastucuman.com.ar\/index.php?rest_route=%2Fwp%2Fv2%2Fcategories&post=49868"},{"taxonomy":"post_tag","embeddable":true,"href":"https:\/\/masquenoticiastucuman.com.ar\/index.php?rest_route=%2Fwp%2Fv2%2Ftags&post=49868"}],"curies":[{"name":"wp","href":"https:\/\/api.w.org\/{rel}","templated":true}]}}