{"id":49869,"date":"2025-11-16T20:26:43","date_gmt":"2025-11-16T23:26:43","guid":{"rendered":"http:\/\/masquenoticiastucuman.com.ar\/?p=49869"},"modified":"2025-11-16T20:26:43","modified_gmt":"2025-11-16T23:26:43","slug":"jose-antonio-kast-el-conservador-que-busca-por-tercera-vez-la-presidencia-de-chile","status":"publish","type":"post","link":"https:\/\/masquenoticiastucuman.com.ar\/?p=49869","title":{"rendered":"Jos\u00e9 Antonio Kast, el conservador que busca por tercera vez la presidencia de Chile"},"content":{"rendered":"<ul>\n<li>El l\u00edder del Partido Republicano perdi\u00f3 contra Gabriel Boric en el balotaje de 2021. En 2017 hab\u00eda logrado un magro 8%.<\/li>\n<li>Ahora gan\u00f3 impulso con un discurso de mano dura contra la delincuencia y la inmigraci\u00f3n ilegal.<\/li>\n<\/ul>\n<p>\u200bEl l\u00edder del Partido Republicano perdi\u00f3 contra Gabriel Boric en el balotaje de 2021. En 2017 hab\u00eda logrado un magro 8%.Ahora gan\u00f3 impulso con un discurso de mano dura contra la delincuencia y la inmigraci\u00f3n ilegal.\u00a0<a href=\"https:\/\/www.clarin.com\/mundo\/jose-antonio-kast-conservador-busca-tercera-vez-presidencia-chile_0_yMaCZtYK80.html\" target=\"_blank\" class=\"feedzy-rss-link-icon\">Read More<\/a><\/p>","protected":false},"excerpt":{"rendered":"<p>El l\u00edder del Partido Republicano perdi\u00f3 contra Gabriel Boric en el balotaje de 2021. En&#8230;<\/p>\n","protected":false},"author":1,"featured_media":49870,"comment_status":"open","ping_status":"open","sticky":false,"template":"","format":"standard","meta":{"footnotes":""},"categories":[4],"tags":[],"class_list":["post-49869","post","type-post","status-publish","format-standard","has-post-thumbnail","hentry","category-internacionales"],"_links":{"self":[{"href":"https:\/\/masquenoticiastucuman.com.ar\/index.php?rest_route=\/wp\/v2\/posts\/49869","targetHints":{"allow":["GET"]}}],"collection":[{"href":"https:\/\/masquenoticiastucuman.com.ar\/index.php?rest_route=\/wp\/v2\/posts"}],"about":[{"href":"https:\/\/masquenoticiastucuman.com.ar\/index.php?rest_route=\/wp\/v2\/types\/post"}],"author":[{"embeddable":true,"href":"https:\/\/masquenoticiastucuman.com.ar\/index.php?rest_route=\/wp\/v2\/users\/1"}],"replies":[{"embeddable":true,"href":"https:\/\/masquenoticiastucuman.com.ar\/index.php?rest_route=%2Fwp%2Fv2%2Fcomments&post=49869"}],"version-history":[{"count":0,"href":"https:\/\/masquenoticiastucuman.com.ar\/index.php?rest_route=\/wp\/v2\/posts\/49869\/revisions"}],"wp:featuredmedia":[{"embeddable":true,"href":"https:\/\/masquenoticiastucuman.com.ar\/index.php?rest_route=\/wp\/v2\/media\/49870"}],"wp:attachment":[{"href":"https:\/\/masquenoticiastucuman.com.ar\/index.php?rest_route=%2Fwp%2Fv2%2Fmedia&parent=49869"}],"wp:term":[{"taxonomy":"category","embeddable":true,"href":"https:\/\/masquenoticiastucuman.com.ar\/index.php?rest_route=%2Fwp%2Fv2%2Fcategories&post=49869"},{"taxonomy":"post_tag","embeddable":true,"href":"https:\/\/masquenoticiastucuman.com.ar\/index.php?rest_route=%2Fwp%2Fv2%2Ftags&post=49869"}],"curies":[{"name":"wp","href":"https:\/\/api.w.org\/{rel}","templated":true}]}}