{"id":49871,"date":"2025-11-16T20:26:26","date_gmt":"2025-11-16T23:26:26","guid":{"rendered":"http:\/\/masquenoticiastucuman.com.ar\/?p=49871"},"modified":"2025-11-16T20:26:26","modified_gmt":"2025-11-16T23:26:26","slug":"elecciones-en-chile-jeannette-jara-la-militante-comunista-que-ya-gano-dos-veces-y-busca-el-triunfo-definitivo","status":"publish","type":"post","link":"https:\/\/masquenoticiastucuman.com.ar\/?p=49871","title":{"rendered":"Elecciones en Chile: Jeannette Jara, la militante comunista que ya gan\u00f3 dos veces y busca el triunfo definitivo"},"content":{"rendered":"<ul>\n<li>La candidata del oficialismo se impuso en las primarias de la centroizquierda y desplaz\u00f3 al sector m\u00e1s moderado.<\/li>\n<li>Ahora enfrenta un desaf\u00edo mucho m\u00e1s complejo para poder llegar a la presidencia.<\/li>\n<\/ul>\n<p>\u200bLa candidata del oficialismo se impuso en las primarias de la centroizquierda y desplaz\u00f3 al sector m\u00e1s moderado.Ahora enfrenta un desaf\u00edo mucho m\u00e1s complejo para poder llegar a la presidencia.\u00a0<a href=\"https:\/\/www.clarin.com\/mundo\/elecciones-chile-jeannette-jara-militante-comunista-gano-veces-busca-triunfo-definitivo_0_ycsv9xG5pX.html\" target=\"_blank\" class=\"feedzy-rss-link-icon\">Read More<\/a><\/p>","protected":false},"excerpt":{"rendered":"<p>La candidata del oficialismo se impuso en las primarias de la centroizquierda y desplaz\u00f3 al&#8230;<\/p>\n","protected":false},"author":1,"featured_media":49872,"comment_status":"open","ping_status":"open","sticky":false,"template":"","format":"standard","meta":{"footnotes":""},"categories":[4],"tags":[],"class_list":["post-49871","post","type-post","status-publish","format-standard","has-post-thumbnail","hentry","category-internacionales"],"_links":{"self":[{"href":"https:\/\/masquenoticiastucuman.com.ar\/index.php?rest_route=\/wp\/v2\/posts\/49871","targetHints":{"allow":["GET"]}}],"collection":[{"href":"https:\/\/masquenoticiastucuman.com.ar\/index.php?rest_route=\/wp\/v2\/posts"}],"about":[{"href":"https:\/\/masquenoticiastucuman.com.ar\/index.php?rest_route=\/wp\/v2\/types\/post"}],"author":[{"embeddable":true,"href":"https:\/\/masquenoticiastucuman.com.ar\/index.php?rest_route=\/wp\/v2\/users\/1"}],"replies":[{"embeddable":true,"href":"https:\/\/masquenoticiastucuman.com.ar\/index.php?rest_route=%2Fwp%2Fv2%2Fcomments&post=49871"}],"version-history":[{"count":0,"href":"https:\/\/masquenoticiastucuman.com.ar\/index.php?rest_route=\/wp\/v2\/posts\/49871\/revisions"}],"wp:featuredmedia":[{"embeddable":true,"href":"https:\/\/masquenoticiastucuman.com.ar\/index.php?rest_route=\/wp\/v2\/media\/49872"}],"wp:attachment":[{"href":"https:\/\/masquenoticiastucuman.com.ar\/index.php?rest_route=%2Fwp%2Fv2%2Fmedia&parent=49871"}],"wp:term":[{"taxonomy":"category","embeddable":true,"href":"https:\/\/masquenoticiastucuman.com.ar\/index.php?rest_route=%2Fwp%2Fv2%2Fcategories&post=49871"},{"taxonomy":"post_tag","embeddable":true,"href":"https:\/\/masquenoticiastucuman.com.ar\/index.php?rest_route=%2Fwp%2Fv2%2Ftags&post=49871"}],"curies":[{"name":"wp","href":"https:\/\/api.w.org\/{rel}","templated":true}]}}