{"id":49873,"date":"2025-11-16T20:38:00","date_gmt":"2025-11-16T23:38:00","guid":{"rendered":"http:\/\/masquenoticiastucuman.com.ar\/?p=49873"},"modified":"2025-11-16T20:38:00","modified_gmt":"2025-11-16T23:38:00","slug":"la-bronca-de-marcelo-gallardo-por-una-pregunta-tras-el-empate-de-river-y-velez-no-te-lo-voy-a-permitir","status":"publish","type":"post","link":"https:\/\/masquenoticiastucuman.com.ar\/?p=49873","title":{"rendered":"La bronca de Marcelo Gallardo por una pregunta tras el empate de River y V\u00e9lez: &#8220;No te lo voy a permitir&#8221;"},"content":{"rendered":"<ul>\n<li>El Mu\u00f1eco fue autocr\u00edtico luego de otro flojo partido de River, pero reaccion\u00f3 cuando le consultaron si ten\u00eda la misma &#8220;autoexigencia&#8221; con \u00e9l mismo y con sus jugadores como en su primer ciclo.<\/li>\n<\/ul>\n<p>\u200bEl Mu\u00f1eco fue autocr\u00edtico luego de otro flojo partido de River, pero reaccion\u00f3 cuando le consultaron si ten\u00eda la misma &#8220;autoexigencia&#8221; con \u00e9l mismo y con sus jugadores como en su primer ciclo.\u00a0<a href=\"https:\/\/www.clarin.com\/deportes\/bronca-marcelo-gallardo-pregunta-empate-river-velez-voy-permitir_0_XB9krNAhxK.html\" target=\"_blank\" class=\"feedzy-rss-link-icon\">Read More<\/a><\/p>","protected":false},"excerpt":{"rendered":"<p>El Mu\u00f1eco fue autocr\u00edtico luego de otro flojo partido de River, pero reaccion\u00f3 cuando le&#8230;<\/p>\n","protected":false},"author":1,"featured_media":0,"comment_status":"open","ping_status":"open","sticky":false,"template":"","format":"standard","meta":{"footnotes":""},"categories":[6],"tags":[],"class_list":["post-49873","post","type-post","status-publish","format-standard","has-post-thumbnail","hentry","category-deportes"],"_links":{"self":[{"href":"https:\/\/masquenoticiastucuman.com.ar\/index.php?rest_route=\/wp\/v2\/posts\/49873","targetHints":{"allow":["GET"]}}],"collection":[{"href":"https:\/\/masquenoticiastucuman.com.ar\/index.php?rest_route=\/wp\/v2\/posts"}],"about":[{"href":"https:\/\/masquenoticiastucuman.com.ar\/index.php?rest_route=\/wp\/v2\/types\/post"}],"author":[{"embeddable":true,"href":"https:\/\/masquenoticiastucuman.com.ar\/index.php?rest_route=\/wp\/v2\/users\/1"}],"replies":[{"embeddable":true,"href":"https:\/\/masquenoticiastucuman.com.ar\/index.php?rest_route=%2Fwp%2Fv2%2Fcomments&post=49873"}],"version-history":[{"count":0,"href":"https:\/\/masquenoticiastucuman.com.ar\/index.php?rest_route=\/wp\/v2\/posts\/49873\/revisions"}],"wp:attachment":[{"href":"https:\/\/masquenoticiastucuman.com.ar\/index.php?rest_route=%2Fwp%2Fv2%2Fmedia&parent=49873"}],"wp:term":[{"taxonomy":"category","embeddable":true,"href":"https:\/\/masquenoticiastucuman.com.ar\/index.php?rest_route=%2Fwp%2Fv2%2Fcategories&post=49873"},{"taxonomy":"post_tag","embeddable":true,"href":"https:\/\/masquenoticiastucuman.com.ar\/index.php?rest_route=%2Fwp%2Fv2%2Ftags&post=49873"}],"curies":[{"name":"wp","href":"https:\/\/api.w.org\/{rel}","templated":true}]}}