{"id":49874,"date":"2025-11-16T20:48:49","date_gmt":"2025-11-16T23:48:49","guid":{"rendered":"http:\/\/masquenoticiastucuman.com.ar\/?p=49874"},"modified":"2025-11-16T20:48:49","modified_gmt":"2025-11-16T23:48:49","slug":"lo-que-viene-la-tercera-temporada-de-envidiosa-encabeza-los-estrenos-de-la-semana-en-el-streaming","status":"publish","type":"post","link":"https:\/\/masquenoticiastucuman.com.ar\/?p=49874","title":{"rendered":"Lo que viene: la tercera temporada de Envidiosa encabeza los estrenos de la semana en el streaming"},"content":{"rendered":"<ul>\n<li>La serie protagonizada por <strong>Griselda Siciliani<\/strong> se convirti\u00f3 en un fen\u00f3meno de Netflix. Este mi\u00e9rcoles llega la nueva tanda de episodios. <\/li>\n<li>Y todo lo que se suma a las diferentes plataformas entre el lunes 17 y el domingo 23.<\/li>\n<\/ul>\n<p>\u200bLa serie protagonizada por Griselda Siciliani se convirti\u00f3 en un fen\u00f3meno de Netflix. Este mi\u00e9rcoles llega la nueva tanda de episodios. Y todo lo que se suma a las diferentes plataformas entre el lunes 17 y el domingo 23.\u00a0<a href=\"https:\/\/www.clarin.com\/espectaculos\/viene-tercera-temporada-envidiosa-encabeza-estrenos-semana-streaming_0_rRKId33sFp.html\" target=\"_blank\" class=\"feedzy-rss-link-icon\">Read More<\/a><\/p>","protected":false},"excerpt":{"rendered":"<p>La serie protagonizada por Griselda Siciliani se convirti\u00f3 en un fen\u00f3meno de Netflix. Este mi\u00e9rcoles&#8230;<\/p>\n","protected":false},"author":1,"featured_media":49875,"comment_status":"open","ping_status":"open","sticky":false,"template":"","format":"standard","meta":{"footnotes":""},"categories":[5],"tags":[],"class_list":["post-49874","post","type-post","status-publish","format-standard","has-post-thumbnail","hentry","category-espectaculo"],"_links":{"self":[{"href":"https:\/\/masquenoticiastucuman.com.ar\/index.php?rest_route=\/wp\/v2\/posts\/49874","targetHints":{"allow":["GET"]}}],"collection":[{"href":"https:\/\/masquenoticiastucuman.com.ar\/index.php?rest_route=\/wp\/v2\/posts"}],"about":[{"href":"https:\/\/masquenoticiastucuman.com.ar\/index.php?rest_route=\/wp\/v2\/types\/post"}],"author":[{"embeddable":true,"href":"https:\/\/masquenoticiastucuman.com.ar\/index.php?rest_route=\/wp\/v2\/users\/1"}],"replies":[{"embeddable":true,"href":"https:\/\/masquenoticiastucuman.com.ar\/index.php?rest_route=%2Fwp%2Fv2%2Fcomments&post=49874"}],"version-history":[{"count":0,"href":"https:\/\/masquenoticiastucuman.com.ar\/index.php?rest_route=\/wp\/v2\/posts\/49874\/revisions"}],"wp:featuredmedia":[{"embeddable":true,"href":"https:\/\/masquenoticiastucuman.com.ar\/index.php?rest_route=\/wp\/v2\/media\/49875"}],"wp:attachment":[{"href":"https:\/\/masquenoticiastucuman.com.ar\/index.php?rest_route=%2Fwp%2Fv2%2Fmedia&parent=49874"}],"wp:term":[{"taxonomy":"category","embeddable":true,"href":"https:\/\/masquenoticiastucuman.com.ar\/index.php?rest_route=%2Fwp%2Fv2%2Fcategories&post=49874"},{"taxonomy":"post_tag","embeddable":true,"href":"https:\/\/masquenoticiastucuman.com.ar\/index.php?rest_route=%2Fwp%2Fv2%2Ftags&post=49874"}],"curies":[{"name":"wp","href":"https:\/\/api.w.org\/{rel}","templated":true}]}}