{"id":49881,"date":"2025-11-16T23:03:21","date_gmt":"2025-11-17T02:03:21","guid":{"rendered":"http:\/\/masquenoticiastucuman.com.ar\/?p=49881"},"modified":"2025-11-16T23:03:21","modified_gmt":"2025-11-17T02:03:21","slug":"elecciones-en-chile-con-jeannette-jara-la-izquierda-obtiene-un-triunfo-con-sabor-a-derrota-y-un-muy-mal-resultado-legislativo","status":"publish","type":"post","link":"https:\/\/masquenoticiastucuman.com.ar\/?p=49881","title":{"rendered":"Elecciones en Chile: con Jeannette Jara, la izquierda obtiene un triunfo con sabor a derrota y un muy mal resultado legislativo"},"content":{"rendered":"<ul>\n<li>El resultado de la candidata oficialista en primera vuelta le otorg\u00f3 el primer pasaje al balotaje.<\/li>\n<li>Sin embargo, fue doblada en votos por la derecha y el desfonde del progresismo tambi\u00e9n se proyect\u00f3 al legislativo.<\/li>\n<\/ul>\n<p>\u200bEl resultado de la candidata oficialista en primera vuelta le otorg\u00f3 el primer pasaje al balotaje.Sin embargo, fue doblada en votos por la derecha y el desfonde del progresismo tambi\u00e9n se proyect\u00f3 al legislativo.\u00a0<a href=\"https:\/\/www.clarin.com\/mundo\/elecciones-chile-jeannette-jara-izquierda-obtiene-triunfo-sabor-derrota-mal-resultado-legislativo_0_JQaYNlbSLZ.html\" target=\"_blank\" class=\"feedzy-rss-link-icon\">Read More<\/a><\/p>","protected":false},"excerpt":{"rendered":"<p>El resultado de la candidata oficialista en primera vuelta le otorg\u00f3 el primer pasaje al&#8230;<\/p>\n","protected":false},"author":1,"featured_media":49882,"comment_status":"open","ping_status":"open","sticky":false,"template":"","format":"standard","meta":{"footnotes":""},"categories":[4],"tags":[],"class_list":["post-49881","post","type-post","status-publish","format-standard","has-post-thumbnail","hentry","category-internacionales"],"_links":{"self":[{"href":"https:\/\/masquenoticiastucuman.com.ar\/index.php?rest_route=\/wp\/v2\/posts\/49881","targetHints":{"allow":["GET"]}}],"collection":[{"href":"https:\/\/masquenoticiastucuman.com.ar\/index.php?rest_route=\/wp\/v2\/posts"}],"about":[{"href":"https:\/\/masquenoticiastucuman.com.ar\/index.php?rest_route=\/wp\/v2\/types\/post"}],"author":[{"embeddable":true,"href":"https:\/\/masquenoticiastucuman.com.ar\/index.php?rest_route=\/wp\/v2\/users\/1"}],"replies":[{"embeddable":true,"href":"https:\/\/masquenoticiastucuman.com.ar\/index.php?rest_route=%2Fwp%2Fv2%2Fcomments&post=49881"}],"version-history":[{"count":0,"href":"https:\/\/masquenoticiastucuman.com.ar\/index.php?rest_route=\/wp\/v2\/posts\/49881\/revisions"}],"wp:featuredmedia":[{"embeddable":true,"href":"https:\/\/masquenoticiastucuman.com.ar\/index.php?rest_route=\/wp\/v2\/media\/49882"}],"wp:attachment":[{"href":"https:\/\/masquenoticiastucuman.com.ar\/index.php?rest_route=%2Fwp%2Fv2%2Fmedia&parent=49881"}],"wp:term":[{"taxonomy":"category","embeddable":true,"href":"https:\/\/masquenoticiastucuman.com.ar\/index.php?rest_route=%2Fwp%2Fv2%2Fcategories&post=49881"},{"taxonomy":"post_tag","embeddable":true,"href":"https:\/\/masquenoticiastucuman.com.ar\/index.php?rest_route=%2Fwp%2Fv2%2Ftags&post=49881"}],"curies":[{"name":"wp","href":"https:\/\/api.w.org\/{rel}","templated":true}]}}