{"id":50018,"date":"2025-11-18T11:12:03","date_gmt":"2025-11-18T14:12:03","guid":{"rendered":"http:\/\/masquenoticiastucuman.com.ar\/?p=50018"},"modified":"2025-11-18T11:12:03","modified_gmt":"2025-11-18T14:12:03","slug":"carlos-alcaraz-se-bajo-de-la-copa-davis-por-que-el-espanol-no-podra-jugar-el-final-8-de-bologna","status":"publish","type":"post","link":"https:\/\/masquenoticiastucuman.com.ar\/?p=50018","title":{"rendered":"Carlos Alcaraz se baj\u00f3 de la Copa Davis: por qu\u00e9 el espa\u00f1ol no podr\u00e1 jugar el Final 8 de Bologna"},"content":{"rendered":"<ul>\n<li>&#8220;Siento much\u00edsimo anunciar que no voy a poder jugar con Espa\u00f1a la Copa Davis en Bologna&#8221;, escribi\u00f3 en Instagram.<\/li>\n<li>El murciano sufri\u00f3 un edema en el isquiotibial de la pierna derecha.<\/li>\n<li>El capit\u00e1n, David Ferrer, se qued\u00f3 sin el N\u00b01 del mundo para la serie con Rep\u00fablica Checa.<\/li>\n<\/ul>\n<p>\u200b&#8221;Siento much\u00edsimo anunciar que no voy a poder jugar con Espa\u00f1a la Copa Davis en Bologna&#8221;, escribi\u00f3 en Instagram.El murciano sufri\u00f3 un edema en el isquiotibial de la pierna derecha.El capit\u00e1n, David Ferrer, se qued\u00f3 sin el N\u00b01 del mundo para la serie con Rep\u00fablica Checa.\u00a0<a href=\"https:\/\/www.clarin.com\/deportes\/carlos-alcaraz-copa-davis-espanol-podra-jugar-final-8-bologna_0_HGWDcWdiDk.html\" target=\"_blank\" class=\"feedzy-rss-link-icon\">Read More<\/a><\/p>","protected":false},"excerpt":{"rendered":"<p>&#8220;Siento much\u00edsimo anunciar que no voy a poder jugar con Espa\u00f1a la Copa Davis en&#8230;<\/p>\n","protected":false},"author":1,"featured_media":0,"comment_status":"open","ping_status":"open","sticky":false,"template":"","format":"standard","meta":{"footnotes":""},"categories":[6],"tags":[],"class_list":["post-50018","post","type-post","status-publish","format-standard","has-post-thumbnail","hentry","category-deportes"],"_links":{"self":[{"href":"https:\/\/masquenoticiastucuman.com.ar\/index.php?rest_route=\/wp\/v2\/posts\/50018","targetHints":{"allow":["GET"]}}],"collection":[{"href":"https:\/\/masquenoticiastucuman.com.ar\/index.php?rest_route=\/wp\/v2\/posts"}],"about":[{"href":"https:\/\/masquenoticiastucuman.com.ar\/index.php?rest_route=\/wp\/v2\/types\/post"}],"author":[{"embeddable":true,"href":"https:\/\/masquenoticiastucuman.com.ar\/index.php?rest_route=\/wp\/v2\/users\/1"}],"replies":[{"embeddable":true,"href":"https:\/\/masquenoticiastucuman.com.ar\/index.php?rest_route=%2Fwp%2Fv2%2Fcomments&post=50018"}],"version-history":[{"count":0,"href":"https:\/\/masquenoticiastucuman.com.ar\/index.php?rest_route=\/wp\/v2\/posts\/50018\/revisions"}],"wp:attachment":[{"href":"https:\/\/masquenoticiastucuman.com.ar\/index.php?rest_route=%2Fwp%2Fv2%2Fmedia&parent=50018"}],"wp:term":[{"taxonomy":"category","embeddable":true,"href":"https:\/\/masquenoticiastucuman.com.ar\/index.php?rest_route=%2Fwp%2Fv2%2Fcategories&post=50018"},{"taxonomy":"post_tag","embeddable":true,"href":"https:\/\/masquenoticiastucuman.com.ar\/index.php?rest_route=%2Fwp%2Fv2%2Ftags&post=50018"}],"curies":[{"name":"wp","href":"https:\/\/api.w.org\/{rel}","templated":true}]}}