{"id":50019,"date":"2025-11-18T10:11:03","date_gmt":"2025-11-18T13:11:03","guid":{"rendered":"http:\/\/masquenoticiastucuman.com.ar\/?p=50019"},"modified":"2025-11-18T10:11:03","modified_gmt":"2025-11-18T13:11:03","slug":"se-definieron-los-dias-y-horarios-de-los-octavos-de-final-del-torneo-clausura","status":"publish","type":"post","link":"https:\/\/masquenoticiastucuman.com.ar\/?p=50019","title":{"rendered":"Se definieron los d\u00edas y horarios de los octavos de final del Torneo Clausura"},"content":{"rendered":"<ul>\n<li>La Liga Profesional defini\u00f3 el calendario de cara al primer cruce de los mata-mata.<\/li>\n<li>Boca recibe a Talleres con la direcci\u00f3n t\u00e9cnica de Carlos Tevez que regresa a La Bombonera.<\/li>\n<li>Y Racing-River jugar\u00e1n &#8220;la revancha del morbo&#8221; en el Cilindro. El inusual d\u00eda y horario que se eligi\u00f3.<\/li>\n<\/ul>\n<p>\u200bLa Liga Profesional defini\u00f3 el calendario de cara al primer cruce de los mata-mata.Boca recibe a Talleres con la direcci\u00f3n t\u00e9cnica de Carlos Tevez que regresa a La Bombonera.Y Racing-River jugar\u00e1n &#8220;la revancha del morbo&#8221; en el Cilindro. El inusual d\u00eda y horario que se eligi\u00f3.\u00a0<a href=\"https:\/\/www.clarin.com\/deportes\/definieron-dias-horarios-octavos-final-torneo-clausura_0_8M3FBXPqXy.html\" target=\"_blank\" class=\"feedzy-rss-link-icon\">Read More<\/a><\/p>","protected":false},"excerpt":{"rendered":"<p>La Liga Profesional defini\u00f3 el calendario de cara al primer cruce de los mata-mata. Boca&#8230;<\/p>\n","protected":false},"author":1,"featured_media":0,"comment_status":"open","ping_status":"open","sticky":false,"template":"","format":"standard","meta":{"footnotes":""},"categories":[6],"tags":[],"class_list":["post-50019","post","type-post","status-publish","format-standard","has-post-thumbnail","hentry","category-deportes"],"_links":{"self":[{"href":"https:\/\/masquenoticiastucuman.com.ar\/index.php?rest_route=\/wp\/v2\/posts\/50019","targetHints":{"allow":["GET"]}}],"collection":[{"href":"https:\/\/masquenoticiastucuman.com.ar\/index.php?rest_route=\/wp\/v2\/posts"}],"about":[{"href":"https:\/\/masquenoticiastucuman.com.ar\/index.php?rest_route=\/wp\/v2\/types\/post"}],"author":[{"embeddable":true,"href":"https:\/\/masquenoticiastucuman.com.ar\/index.php?rest_route=\/wp\/v2\/users\/1"}],"replies":[{"embeddable":true,"href":"https:\/\/masquenoticiastucuman.com.ar\/index.php?rest_route=%2Fwp%2Fv2%2Fcomments&post=50019"}],"version-history":[{"count":0,"href":"https:\/\/masquenoticiastucuman.com.ar\/index.php?rest_route=\/wp\/v2\/posts\/50019\/revisions"}],"wp:attachment":[{"href":"https:\/\/masquenoticiastucuman.com.ar\/index.php?rest_route=%2Fwp%2Fv2%2Fmedia&parent=50019"}],"wp:term":[{"taxonomy":"category","embeddable":true,"href":"https:\/\/masquenoticiastucuman.com.ar\/index.php?rest_route=%2Fwp%2Fv2%2Fcategories&post=50019"},{"taxonomy":"post_tag","embeddable":true,"href":"https:\/\/masquenoticiastucuman.com.ar\/index.php?rest_route=%2Fwp%2Fv2%2Ftags&post=50019"}],"curies":[{"name":"wp","href":"https:\/\/api.w.org\/{rel}","templated":true}]}}