{"id":50022,"date":"2025-11-18T11:26:35","date_gmt":"2025-11-18T14:26:35","guid":{"rendered":"http:\/\/masquenoticiastucuman.com.ar\/?p=50022"},"modified":"2025-11-18T11:26:35","modified_gmt":"2025-11-18T14:26:35","slug":"traslada-facultades-centrales-al-ejecutivo-la-rural-critico-la-ley-fiscal-que-envio-axel-kicillof-a-la-legislatura","status":"publish","type":"post","link":"https:\/\/masquenoticiastucuman.com.ar\/?p=50022","title":{"rendered":"&#8220;Traslada facultades centrales al Ejecutivo&#8221;: La Rural critic\u00f3 la Ley Fiscal que envi\u00f3 Axel Kicillof a la Legislatura"},"content":{"rendered":"<ul>\n<li>La entidad pidi\u00f3 que sean los legisladores provinciales quienes definan las condiciones.<\/li>\n<li>Tambi\u00e9n hubo reclamos por el cobro de la quinta cuota del impuesto este a\u00f1o.<\/li>\n<\/ul>\n<p>\u200bLa entidad pidi\u00f3 que sean los legisladores provinciales quienes definan las condiciones.Tambi\u00e9n hubo reclamos por el cobro de la quinta cuota del impuesto este a\u00f1o.\u00a0<a href=\"https:\/\/www.clarin.com\/rural\/traslada-facultades-centrales-ejecutivo-rural-critico-ley-fiscal-envio-axel-kicillof-legislatura_0_11HU1rlVsp.html\" target=\"_blank\" class=\"feedzy-rss-link-icon\">Read More<\/a><\/p>","protected":false},"excerpt":{"rendered":"<p>La entidad pidi\u00f3 que sean los legisladores provinciales quienes definan las condiciones. Tambi\u00e9n hubo reclamos&#8230;<\/p>\n","protected":false},"author":1,"featured_media":0,"comment_status":"open","ping_status":"open","sticky":false,"template":"","format":"standard","meta":{"footnotes":""},"categories":[3],"tags":[],"class_list":["post-50022","post","type-post","status-publish","format-standard","has-post-thumbnail","hentry","category-nacionales"],"_links":{"self":[{"href":"https:\/\/masquenoticiastucuman.com.ar\/index.php?rest_route=\/wp\/v2\/posts\/50022","targetHints":{"allow":["GET"]}}],"collection":[{"href":"https:\/\/masquenoticiastucuman.com.ar\/index.php?rest_route=\/wp\/v2\/posts"}],"about":[{"href":"https:\/\/masquenoticiastucuman.com.ar\/index.php?rest_route=\/wp\/v2\/types\/post"}],"author":[{"embeddable":true,"href":"https:\/\/masquenoticiastucuman.com.ar\/index.php?rest_route=\/wp\/v2\/users\/1"}],"replies":[{"embeddable":true,"href":"https:\/\/masquenoticiastucuman.com.ar\/index.php?rest_route=%2Fwp%2Fv2%2Fcomments&post=50022"}],"version-history":[{"count":0,"href":"https:\/\/masquenoticiastucuman.com.ar\/index.php?rest_route=\/wp\/v2\/posts\/50022\/revisions"}],"wp:attachment":[{"href":"https:\/\/masquenoticiastucuman.com.ar\/index.php?rest_route=%2Fwp%2Fv2%2Fmedia&parent=50022"}],"wp:term":[{"taxonomy":"category","embeddable":true,"href":"https:\/\/masquenoticiastucuman.com.ar\/index.php?rest_route=%2Fwp%2Fv2%2Fcategories&post=50022"},{"taxonomy":"post_tag","embeddable":true,"href":"https:\/\/masquenoticiastucuman.com.ar\/index.php?rest_route=%2Fwp%2Fv2%2Ftags&post=50022"}],"curies":[{"name":"wp","href":"https:\/\/api.w.org\/{rel}","templated":true}]}}