{"id":50023,"date":"2025-11-18T12:02:15","date_gmt":"2025-11-18T15:02:15","guid":{"rendered":"http:\/\/masquenoticiastucuman.com.ar\/?p=50023"},"modified":"2025-11-18T12:02:15","modified_gmt":"2025-11-18T15:02:15","slug":"jose-antonio-kast-hablo-con-milei-y-coincidieron-en-las-enormes-oportunidades-para-chile-y-argentina","status":"publish","type":"post","link":"https:\/\/masquenoticiastucuman.com.ar\/?p=50023","title":{"rendered":"Jos\u00e9 Antonio Kast habl\u00f3 con Milei y coincidieron en &#8220;las enormes oportunidades&#8221; para Chile y Argentina"},"content":{"rendered":"<ul>\n<li>&#8220;Acabo de tener una muy buena conversaci\u00f3n con el Presidente de Argentina&#8221;, escribi\u00f3 Kast en X.<\/li>\n<li>El candidato conservador disputar\u00e1 la segunda vuelta del 14 de diciembre frente a la oficialista Jeannette Jara.<\/li>\n<\/ul>\n<p><\/p>\n<p>\u200b&#8221;Acabo de tener una muy buena conversaci\u00f3n con el Presidente de Argentina&#8221;, escribi\u00f3 Kast en X.El candidato conservador disputar\u00e1 la segunda vuelta del 14 de diciembre frente a la oficialista Jeannette Jara.\u00a0<a href=\"https:\/\/www.clarin.com\/mundo\/jose-antonio-kast-hablo-milei-coincidieron-enormes-oportunidades-chile-argentina_0_w8c5aJKZNI.html\" target=\"_blank\" class=\"feedzy-rss-link-icon\">Read More<\/a><\/p>","protected":false},"excerpt":{"rendered":"<p>&#8220;Acabo de tener una muy buena conversaci\u00f3n con el Presidente de Argentina&#8221;, escribi\u00f3 Kast en&#8230;<\/p>\n","protected":false},"author":1,"featured_media":50024,"comment_status":"open","ping_status":"open","sticky":false,"template":"","format":"standard","meta":{"footnotes":""},"categories":[4],"tags":[],"class_list":["post-50023","post","type-post","status-publish","format-standard","has-post-thumbnail","hentry","category-internacionales"],"_links":{"self":[{"href":"https:\/\/masquenoticiastucuman.com.ar\/index.php?rest_route=\/wp\/v2\/posts\/50023","targetHints":{"allow":["GET"]}}],"collection":[{"href":"https:\/\/masquenoticiastucuman.com.ar\/index.php?rest_route=\/wp\/v2\/posts"}],"about":[{"href":"https:\/\/masquenoticiastucuman.com.ar\/index.php?rest_route=\/wp\/v2\/types\/post"}],"author":[{"embeddable":true,"href":"https:\/\/masquenoticiastucuman.com.ar\/index.php?rest_route=\/wp\/v2\/users\/1"}],"replies":[{"embeddable":true,"href":"https:\/\/masquenoticiastucuman.com.ar\/index.php?rest_route=%2Fwp%2Fv2%2Fcomments&post=50023"}],"version-history":[{"count":0,"href":"https:\/\/masquenoticiastucuman.com.ar\/index.php?rest_route=\/wp\/v2\/posts\/50023\/revisions"}],"wp:featuredmedia":[{"embeddable":true,"href":"https:\/\/masquenoticiastucuman.com.ar\/index.php?rest_route=\/wp\/v2\/media\/50024"}],"wp:attachment":[{"href":"https:\/\/masquenoticiastucuman.com.ar\/index.php?rest_route=%2Fwp%2Fv2%2Fmedia&parent=50023"}],"wp:term":[{"taxonomy":"category","embeddable":true,"href":"https:\/\/masquenoticiastucuman.com.ar\/index.php?rest_route=%2Fwp%2Fv2%2Fcategories&post=50023"},{"taxonomy":"post_tag","embeddable":true,"href":"https:\/\/masquenoticiastucuman.com.ar\/index.php?rest_route=%2Fwp%2Fv2%2Ftags&post=50023"}],"curies":[{"name":"wp","href":"https:\/\/api.w.org\/{rel}","templated":true}]}}