{"id":50034,"date":"2025-11-18T12:43:32","date_gmt":"2025-11-18T15:43:32","guid":{"rendered":"http:\/\/masquenoticiastucuman.com.ar\/?p=50034"},"modified":"2025-11-18T12:43:32","modified_gmt":"2025-11-18T15:43:32","slug":"demanda-de-dolares-vuelve-a-crecer-la-brecha-cambiaria-y-creen-que-el-banco-central-deberia-rehabilitar-el-rulo-financiero","status":"publish","type":"post","link":"https:\/\/masquenoticiastucuman.com.ar\/?p=50034","title":{"rendered":"Demanda de d\u00f3lares: vuelve a crecer la brecha cambiaria y creen que el Banco Central deber\u00eda rehabilitar el &#8220;rulo&#8221; financiero"},"content":{"rendered":"<ul>\n<li>La diferencia entre el tipo de cambio oficial y el financiero alcanz\u00f3 su mayor nivel desde la previa electoral.<\/li>\n<li>En el BCRA son cautos sobre el fin de la restricci\u00f3n cruzada que empez\u00f3 a fines de septiembre.<\/li>\n<li>Por qu\u00e9 impacta el aluvi\u00f3n de emisiones de bonos de empresas argentinas en Wall Street.<\/li>\n<\/ul>\n<p>\u200bLa diferencia entre el tipo de cambio oficial y el financiero alcanz\u00f3 su mayor nivel desde la previa electoral.En el BCRA son cautos sobre el fin de la restricci\u00f3n cruzada que empez\u00f3 a fines de septiembre.Por qu\u00e9 impacta el aluvi\u00f3n de emisiones de bonos de empresas argentinas en Wall Street.\u00a0<a href=\"https:\/\/www.clarin.com\/economia\/demanda-dolares-vuelve-crecer-brecha-cambiaria-creen-banco-central-deberia-rehabilitar-rulo-financiero_0_a7ksgSTTLa.html\" target=\"_blank\" class=\"feedzy-rss-link-icon\">Read More<\/a><\/p>","protected":false},"excerpt":{"rendered":"<p>La diferencia entre el tipo de cambio oficial y el financiero alcanz\u00f3 su mayor nivel&#8230;<\/p>\n","protected":false},"author":1,"featured_media":0,"comment_status":"open","ping_status":"open","sticky":false,"template":"","format":"standard","meta":{"footnotes":""},"categories":[3],"tags":[],"class_list":["post-50034","post","type-post","status-publish","format-standard","has-post-thumbnail","hentry","category-nacionales"],"_links":{"self":[{"href":"https:\/\/masquenoticiastucuman.com.ar\/index.php?rest_route=\/wp\/v2\/posts\/50034","targetHints":{"allow":["GET"]}}],"collection":[{"href":"https:\/\/masquenoticiastucuman.com.ar\/index.php?rest_route=\/wp\/v2\/posts"}],"about":[{"href":"https:\/\/masquenoticiastucuman.com.ar\/index.php?rest_route=\/wp\/v2\/types\/post"}],"author":[{"embeddable":true,"href":"https:\/\/masquenoticiastucuman.com.ar\/index.php?rest_route=\/wp\/v2\/users\/1"}],"replies":[{"embeddable":true,"href":"https:\/\/masquenoticiastucuman.com.ar\/index.php?rest_route=%2Fwp%2Fv2%2Fcomments&post=50034"}],"version-history":[{"count":0,"href":"https:\/\/masquenoticiastucuman.com.ar\/index.php?rest_route=\/wp\/v2\/posts\/50034\/revisions"}],"wp:attachment":[{"href":"https:\/\/masquenoticiastucuman.com.ar\/index.php?rest_route=%2Fwp%2Fv2%2Fmedia&parent=50034"}],"wp:term":[{"taxonomy":"category","embeddable":true,"href":"https:\/\/masquenoticiastucuman.com.ar\/index.php?rest_route=%2Fwp%2Fv2%2Fcategories&post=50034"},{"taxonomy":"post_tag","embeddable":true,"href":"https:\/\/masquenoticiastucuman.com.ar\/index.php?rest_route=%2Fwp%2Fv2%2Ftags&post=50034"}],"curies":[{"name":"wp","href":"https:\/\/api.w.org\/{rel}","templated":true}]}}