{"id":50035,"date":"2025-11-18T13:25:03","date_gmt":"2025-11-18T16:25:03","guid":{"rendered":"http:\/\/masquenoticiastucuman.com.ar\/?p=50035"},"modified":"2025-11-18T13:25:03","modified_gmt":"2025-11-18T16:25:03","slug":"sorteo-para-el-repechaje-del-mundial-2026-cuando-es-donde-y-como-verlo","status":"publish","type":"post","link":"https:\/\/masquenoticiastucuman.com.ar\/?p=50035","title":{"rendered":"Sorteo para el Repechaje del Mundial 2026: cu\u00e1ndo es, d\u00f3nde y c\u00f3mo verlo"},"content":{"rendered":"<ul>\n<li>El Repechaje repartir\u00e1 las \u00faltimas plazas para la Copa del Mundo.<\/li>\n<li>Cu\u00e1l es el formato de la repesca y cu\u00e1ntas selecciones quedan por definirse.<\/li>\n<\/ul>\n<p>\u200bEl Repechaje repartir\u00e1 las \u00faltimas plazas para la Copa del Mundo.Cu\u00e1l es el formato de la repesca y cu\u00e1ntas selecciones quedan por definirse.\u00a0<a href=\"https:\/\/www.clarin.com\/deportes\/sorteo-repechaje-mundial-2026-verlo_0_8YxSuHw7ft.html\" target=\"_blank\" class=\"feedzy-rss-link-icon\">Read More<\/a><\/p>","protected":false},"excerpt":{"rendered":"<p>El Repechaje repartir\u00e1 las \u00faltimas plazas para la Copa del Mundo. Cu\u00e1l es el formato&#8230;<\/p>\n","protected":false},"author":1,"featured_media":0,"comment_status":"open","ping_status":"open","sticky":false,"template":"","format":"standard","meta":{"footnotes":""},"categories":[6],"tags":[],"class_list":["post-50035","post","type-post","status-publish","format-standard","has-post-thumbnail","hentry","category-deportes"],"_links":{"self":[{"href":"https:\/\/masquenoticiastucuman.com.ar\/index.php?rest_route=\/wp\/v2\/posts\/50035","targetHints":{"allow":["GET"]}}],"collection":[{"href":"https:\/\/masquenoticiastucuman.com.ar\/index.php?rest_route=\/wp\/v2\/posts"}],"about":[{"href":"https:\/\/masquenoticiastucuman.com.ar\/index.php?rest_route=\/wp\/v2\/types\/post"}],"author":[{"embeddable":true,"href":"https:\/\/masquenoticiastucuman.com.ar\/index.php?rest_route=\/wp\/v2\/users\/1"}],"replies":[{"embeddable":true,"href":"https:\/\/masquenoticiastucuman.com.ar\/index.php?rest_route=%2Fwp%2Fv2%2Fcomments&post=50035"}],"version-history":[{"count":0,"href":"https:\/\/masquenoticiastucuman.com.ar\/index.php?rest_route=\/wp\/v2\/posts\/50035\/revisions"}],"wp:attachment":[{"href":"https:\/\/masquenoticiastucuman.com.ar\/index.php?rest_route=%2Fwp%2Fv2%2Fmedia&parent=50035"}],"wp:term":[{"taxonomy":"category","embeddable":true,"href":"https:\/\/masquenoticiastucuman.com.ar\/index.php?rest_route=%2Fwp%2Fv2%2Fcategories&post=50035"},{"taxonomy":"post_tag","embeddable":true,"href":"https:\/\/masquenoticiastucuman.com.ar\/index.php?rest_route=%2Fwp%2Fv2%2Ftags&post=50035"}],"curies":[{"name":"wp","href":"https:\/\/api.w.org\/{rel}","templated":true}]}}