{"id":50052,"date":"2025-11-18T15:06:56","date_gmt":"2025-11-18T18:06:56","guid":{"rendered":"http:\/\/masquenoticiastucuman.com.ar\/?p=50052"},"modified":"2025-11-18T15:06:56","modified_gmt":"2025-11-18T18:06:56","slug":"el-increible-monto-que-paga-una-victoria-de-san-marino-la-peor-seleccion-del-ranking-fifa-ante-rumania","status":"publish","type":"post","link":"https:\/\/masquenoticiastucuman.com.ar\/?p=50052","title":{"rendered":"El incre\u00edble monto que paga una victoria de San Marino, la peor selecci\u00f3n del ranking FIFA, ante Rumania"},"content":{"rendered":"<ul>\n<li>La Seren\u00edsima marcha \u00faltima en el Grupo H de Eliminatorias europeas.<\/li>\n<li>Hasta hace unos d\u00edas, pagaba 100 d\u00f3lares su victoria porque, incre\u00edblemente, los favorec\u00eda una derrota abultada ante los rumanos.<\/li>\n<li>La incre\u00edble carambola que les ofrec\u00eda un lugar en el repechaje pero que finalmente no se dio.<\/li>\n<\/ul>\n<p>\u200bLa Seren\u00edsima marcha \u00faltima en el Grupo H de Eliminatorias europeas.Hasta hace unos d\u00edas, pagaba 100 d\u00f3lares su victoria porque, incre\u00edblemente, los favorec\u00eda una derrota abultada ante los rumanos.La incre\u00edble carambola que les ofrec\u00eda un lugar en el repechaje pero que finalmente no se dio.\u00a0<a href=\"https:\/\/www.clarin.com\/deportes\/increible-monto-paga-victoria-san-marino-peor-seleccion-ranking-fifa-rumania_0_lcmySV7uzS.html\" target=\"_blank\" class=\"feedzy-rss-link-icon\">Read More<\/a><\/p>","protected":false},"excerpt":{"rendered":"<p>La Seren\u00edsima marcha \u00faltima en el Grupo H de Eliminatorias europeas. Hasta hace unos d\u00edas,&#8230;<\/p>\n","protected":false},"author":1,"featured_media":0,"comment_status":"open","ping_status":"open","sticky":false,"template":"","format":"standard","meta":{"footnotes":""},"categories":[6],"tags":[],"class_list":["post-50052","post","type-post","status-publish","format-standard","has-post-thumbnail","hentry","category-deportes"],"_links":{"self":[{"href":"https:\/\/masquenoticiastucuman.com.ar\/index.php?rest_route=\/wp\/v2\/posts\/50052","targetHints":{"allow":["GET"]}}],"collection":[{"href":"https:\/\/masquenoticiastucuman.com.ar\/index.php?rest_route=\/wp\/v2\/posts"}],"about":[{"href":"https:\/\/masquenoticiastucuman.com.ar\/index.php?rest_route=\/wp\/v2\/types\/post"}],"author":[{"embeddable":true,"href":"https:\/\/masquenoticiastucuman.com.ar\/index.php?rest_route=\/wp\/v2\/users\/1"}],"replies":[{"embeddable":true,"href":"https:\/\/masquenoticiastucuman.com.ar\/index.php?rest_route=%2Fwp%2Fv2%2Fcomments&post=50052"}],"version-history":[{"count":0,"href":"https:\/\/masquenoticiastucuman.com.ar\/index.php?rest_route=\/wp\/v2\/posts\/50052\/revisions"}],"wp:attachment":[{"href":"https:\/\/masquenoticiastucuman.com.ar\/index.php?rest_route=%2Fwp%2Fv2%2Fmedia&parent=50052"}],"wp:term":[{"taxonomy":"category","embeddable":true,"href":"https:\/\/masquenoticiastucuman.com.ar\/index.php?rest_route=%2Fwp%2Fv2%2Fcategories&post=50052"},{"taxonomy":"post_tag","embeddable":true,"href":"https:\/\/masquenoticiastucuman.com.ar\/index.php?rest_route=%2Fwp%2Fv2%2Ftags&post=50052"}],"curies":[{"name":"wp","href":"https:\/\/api.w.org\/{rel}","templated":true}]}}