{"id":50074,"date":"2025-11-19T02:58:23","date_gmt":"2025-11-19T05:58:23","guid":{"rendered":"http:\/\/masquenoticiastucuman.com.ar\/?p=50074"},"modified":"2025-11-19T02:58:23","modified_gmt":"2025-11-19T05:58:23","slug":"incendio-masivo-en-japon-decenas-de-evacuados-y-170-viviendas-en-llamas","status":"publish","type":"post","link":"https:\/\/masquenoticiastucuman.com.ar\/?p=50074","title":{"rendered":"Incendio masivo en Jap\u00f3n: decenas de evacuados y 170 viviendas en llamas"},"content":{"rendered":"<ul>\n<li>Las autoridades implementaron un operativo de emergencia.<\/li>\n<li>El siniestro se registr\u00f3 en una zona residencial del suroeste del pa\u00eds asi\u00e1tico.<\/li>\n<\/ul>\n<p>\u200bLas autoridades implementaron un operativo de emergencia.El siniestro se registr\u00f3 en una zona residencial del suroeste del pa\u00eds asi\u00e1tico.\u00a0<a href=\"https:\/\/www.clarin.com\/mundo\/incendio-masivo-japon-decenas-evacuados-170-viviendas-llamas_0_Dr9bxJufaX.html\" target=\"_blank\" class=\"feedzy-rss-link-icon\">Read More<\/a><\/p>","protected":false},"excerpt":{"rendered":"<p>Las autoridades implementaron un operativo de emergencia. El siniestro se registr\u00f3 en una zona residencial&#8230;<\/p>\n","protected":false},"author":1,"featured_media":50075,"comment_status":"open","ping_status":"open","sticky":false,"template":"","format":"standard","meta":{"footnotes":""},"categories":[4],"tags":[],"class_list":["post-50074","post","type-post","status-publish","format-standard","has-post-thumbnail","hentry","category-internacionales"],"_links":{"self":[{"href":"https:\/\/masquenoticiastucuman.com.ar\/index.php?rest_route=\/wp\/v2\/posts\/50074","targetHints":{"allow":["GET"]}}],"collection":[{"href":"https:\/\/masquenoticiastucuman.com.ar\/index.php?rest_route=\/wp\/v2\/posts"}],"about":[{"href":"https:\/\/masquenoticiastucuman.com.ar\/index.php?rest_route=\/wp\/v2\/types\/post"}],"author":[{"embeddable":true,"href":"https:\/\/masquenoticiastucuman.com.ar\/index.php?rest_route=\/wp\/v2\/users\/1"}],"replies":[{"embeddable":true,"href":"https:\/\/masquenoticiastucuman.com.ar\/index.php?rest_route=%2Fwp%2Fv2%2Fcomments&post=50074"}],"version-history":[{"count":0,"href":"https:\/\/masquenoticiastucuman.com.ar\/index.php?rest_route=\/wp\/v2\/posts\/50074\/revisions"}],"wp:featuredmedia":[{"embeddable":true,"href":"https:\/\/masquenoticiastucuman.com.ar\/index.php?rest_route=\/wp\/v2\/media\/50075"}],"wp:attachment":[{"href":"https:\/\/masquenoticiastucuman.com.ar\/index.php?rest_route=%2Fwp%2Fv2%2Fmedia&parent=50074"}],"wp:term":[{"taxonomy":"category","embeddable":true,"href":"https:\/\/masquenoticiastucuman.com.ar\/index.php?rest_route=%2Fwp%2Fv2%2Fcategories&post=50074"},{"taxonomy":"post_tag","embeddable":true,"href":"https:\/\/masquenoticiastucuman.com.ar\/index.php?rest_route=%2Fwp%2Fv2%2Ftags&post=50074"}],"curies":[{"name":"wp","href":"https:\/\/api.w.org\/{rel}","templated":true}]}}