{"id":50076,"date":"2025-11-19T01:02:15","date_gmt":"2025-11-19T04:02:15","guid":{"rendered":"http:\/\/masquenoticiastucuman.com.ar\/?p=50076"},"modified":"2025-11-19T01:02:15","modified_gmt":"2025-11-19T04:02:15","slug":"tormenta-fatal-en-la-patagonia-vientos-huracanados-y-una-intensa-nevada-causaron-cinco-muertes-en-chile","status":"publish","type":"post","link":"https:\/\/masquenoticiastucuman.com.ar\/?p=50076","title":{"rendered":"Tormenta fatal en la Patagonia: vientos huracanados y una intensa nevada causaron cinco muertes en Chile"},"content":{"rendered":"<ul>\n<li>Las v\u00edctimas, de origen mexicano, alem\u00e1n y brit\u00e1nico, quedaron atrapadas en medio de un temporal. <\/li>\n<li>El presidente chileno expres\u00f3 su pesar y envi\u00f3 sus condolencias a las familias de los turistas que murieron en la zona conocida como Torres del Paine.<\/li>\n<\/ul>\n<p>\u200bLas v\u00edctimas, de origen mexicano, alem\u00e1n y brit\u00e1nico, quedaron atrapadas en medio de un temporal. El presidente chileno expres\u00f3 su pesar y envi\u00f3 sus condolencias a las familias de los turistas que murieron en la zona conocida como Torres del Paine.\u00a0<a href=\"https:\/\/www.clarin.com\/mundo\/tormenta-fatal-patagonia-vientos-huracanados-intensa-nevada-causaron-muertes-chile_0_A3iD4SwDeD.html\" target=\"_blank\" class=\"feedzy-rss-link-icon\">Read More<\/a><\/p>","protected":false},"excerpt":{"rendered":"<p>Las v\u00edctimas, de origen mexicano, alem\u00e1n y brit\u00e1nico, quedaron atrapadas en medio de un temporal&#8230;.<\/p>\n","protected":false},"author":1,"featured_media":50077,"comment_status":"open","ping_status":"open","sticky":false,"template":"","format":"standard","meta":{"footnotes":""},"categories":[4],"tags":[],"class_list":["post-50076","post","type-post","status-publish","format-standard","has-post-thumbnail","hentry","category-internacionales"],"_links":{"self":[{"href":"https:\/\/masquenoticiastucuman.com.ar\/index.php?rest_route=\/wp\/v2\/posts\/50076","targetHints":{"allow":["GET"]}}],"collection":[{"href":"https:\/\/masquenoticiastucuman.com.ar\/index.php?rest_route=\/wp\/v2\/posts"}],"about":[{"href":"https:\/\/masquenoticiastucuman.com.ar\/index.php?rest_route=\/wp\/v2\/types\/post"}],"author":[{"embeddable":true,"href":"https:\/\/masquenoticiastucuman.com.ar\/index.php?rest_route=\/wp\/v2\/users\/1"}],"replies":[{"embeddable":true,"href":"https:\/\/masquenoticiastucuman.com.ar\/index.php?rest_route=%2Fwp%2Fv2%2Fcomments&post=50076"}],"version-history":[{"count":0,"href":"https:\/\/masquenoticiastucuman.com.ar\/index.php?rest_route=\/wp\/v2\/posts\/50076\/revisions"}],"wp:featuredmedia":[{"embeddable":true,"href":"https:\/\/masquenoticiastucuman.com.ar\/index.php?rest_route=\/wp\/v2\/media\/50077"}],"wp:attachment":[{"href":"https:\/\/masquenoticiastucuman.com.ar\/index.php?rest_route=%2Fwp%2Fv2%2Fmedia&parent=50076"}],"wp:term":[{"taxonomy":"category","embeddable":true,"href":"https:\/\/masquenoticiastucuman.com.ar\/index.php?rest_route=%2Fwp%2Fv2%2Fcategories&post=50076"},{"taxonomy":"post_tag","embeddable":true,"href":"https:\/\/masquenoticiastucuman.com.ar\/index.php?rest_route=%2Fwp%2Fv2%2Ftags&post=50076"}],"curies":[{"name":"wp","href":"https:\/\/api.w.org\/{rel}","templated":true}]}}