{"id":50078,"date":"2025-11-19T03:35:14","date_gmt":"2025-11-19T06:35:14","guid":{"rendered":"http:\/\/masquenoticiastucuman.com.ar\/?p=50078"},"modified":"2025-11-19T03:35:14","modified_gmt":"2025-11-19T06:35:14","slug":"donald-trump-recibio-a-cristiano-ronaldo-en-la-casa-blanca-la-anecdota-con-su-hijo-barron-y-una-cena-llena-de-poder","status":"publish","type":"post","link":"https:\/\/masquenoticiastucuman.com.ar\/?p=50078","title":{"rendered":"Donald Trump recibi\u00f3 a Cristiano Ronaldo en la Casa Blanca: la an\u00e9cdota con su hijo Barron y una cena llena de poder"},"content":{"rendered":"<ul>\n<li>Integrado a la delegaci\u00f3n saud\u00ed, el futbolista portugu\u00e9s del Al-Nassr ocup\u00f3 un lugar destacado en el banquete que ofreci\u00f3 el presidente de EE.UU. en la Casa Blanca.<\/li>\n<\/ul>\n<p>\u200bIntegrado a la delegaci\u00f3n saud\u00ed, el futbolista portugu\u00e9s del Al-Nassr ocup\u00f3 un lugar destacado en el banquete que ofreci\u00f3 el presidente de EE.UU. en la Casa Blanca.\u00a0<a href=\"https:\/\/www.clarin.com\/deportes\/donald-trump-recibio-cristiano-ronaldo-casa-blanca-anecdota-hijo-barron-cena-llena-poder_0_RFkv10LAKV.html\" target=\"_blank\" class=\"feedzy-rss-link-icon\">Read More<\/a><\/p>","protected":false},"excerpt":{"rendered":"<p>Integrado a la delegaci\u00f3n saud\u00ed, el futbolista portugu\u00e9s del Al-Nassr ocup\u00f3 un lugar destacado en&#8230;<\/p>\n","protected":false},"author":1,"featured_media":0,"comment_status":"open","ping_status":"open","sticky":false,"template":"","format":"standard","meta":{"footnotes":""},"categories":[6],"tags":[],"class_list":["post-50078","post","type-post","status-publish","format-standard","has-post-thumbnail","hentry","category-deportes"],"_links":{"self":[{"href":"https:\/\/masquenoticiastucuman.com.ar\/index.php?rest_route=\/wp\/v2\/posts\/50078","targetHints":{"allow":["GET"]}}],"collection":[{"href":"https:\/\/masquenoticiastucuman.com.ar\/index.php?rest_route=\/wp\/v2\/posts"}],"about":[{"href":"https:\/\/masquenoticiastucuman.com.ar\/index.php?rest_route=\/wp\/v2\/types\/post"}],"author":[{"embeddable":true,"href":"https:\/\/masquenoticiastucuman.com.ar\/index.php?rest_route=\/wp\/v2\/users\/1"}],"replies":[{"embeddable":true,"href":"https:\/\/masquenoticiastucuman.com.ar\/index.php?rest_route=%2Fwp%2Fv2%2Fcomments&post=50078"}],"version-history":[{"count":0,"href":"https:\/\/masquenoticiastucuman.com.ar\/index.php?rest_route=\/wp\/v2\/posts\/50078\/revisions"}],"wp:attachment":[{"href":"https:\/\/masquenoticiastucuman.com.ar\/index.php?rest_route=%2Fwp%2Fv2%2Fmedia&parent=50078"}],"wp:term":[{"taxonomy":"category","embeddable":true,"href":"https:\/\/masquenoticiastucuman.com.ar\/index.php?rest_route=%2Fwp%2Fv2%2Fcategories&post=50078"},{"taxonomy":"post_tag","embeddable":true,"href":"https:\/\/masquenoticiastucuman.com.ar\/index.php?rest_route=%2Fwp%2Fv2%2Ftags&post=50078"}],"curies":[{"name":"wp","href":"https:\/\/api.w.org\/{rel}","templated":true}]}}