{"id":50084,"date":"2025-11-19T07:23:01","date_gmt":"2025-11-19T10:23:01","guid":{"rendered":"https:\/\/masquenoticiastucuman.com.ar\/?p=50084"},"modified":"2025-11-19T07:23:02","modified_gmt":"2025-11-19T10:23:02","slug":"cierran-por-la-noche-los-tuneles-de-calles-cordoba-y-mendoza-para-cambiar-las-luminarias","status":"publish","type":"post","link":"https:\/\/masquenoticiastucuman.com.ar\/?p=50084","title":{"rendered":"Cierran por la noche los t\u00faneles de calles C\u00f3rdoba y Mendoza para cambiar las luminarias"},"content":{"rendered":"\n<p>Obras P\u00fablicas inicia la modernizaci\u00f3n de la iluminaci\u00f3n en los t\u00faneles de las calles C\u00f3rdoba y Mendoza, en la capital tucumana. Los trabajos se realizar\u00e1n de madrugada para minimizar el impacto en el tr\u00e1nsito.<\/p>\n\n\n\n<p id=\"isPasted\">El Ministerio de Obras, Infraestructura y Transporte P\u00fablico, encabezado por el ingeniero&nbsp;<strong>Marcelo Nazur<\/strong>, informa que esta noche comenzar\u00e1n los trabajos de recambio de luminarias en los t\u00faneles de las calles C\u00f3rdoba y Mendoza, en San Miguel de Tucum\u00e1n. Las tareas requerir\u00e1n cortes de tr\u00e1nsito nocturnos desde las 22 horas hasta las 6 horas, medida que se repetir\u00e1 cada noche hasta finalizar la obra, con fecha estimada el 23 de noviembre.<\/p>\n\n\n\n<p>Los trabajos forman parte de un plan de reacondicionamiento integral de la iluminaci\u00f3n en los pasos bajo nivel y en las pasarelas peatonales ubicados entre Marcos Avellaneda y Suipacha, que actualmente presentan deficiencias lum\u00ednicas que afectan la seguridad vial y peatonal. La intervenci\u00f3n contempla el reemplazo de las luminarias existentes por tecnolog\u00eda LED de \u00faltima generaci\u00f3n dentro de los t\u00faneles y en sus accesos, junto con la instalaci\u00f3n de un nuevo sistema lum\u00ednico en las pasarelas peatonales, dispuesto sobre la estructura superior para mejorar la visibilidad y brindar mayor seguridad.<\/p>\n\n\n\n<p>Adem\u00e1s, se realizar\u00e1 la reparaci\u00f3n y actualizaci\u00f3n del sistema el\u00e9ctrico, con reposici\u00f3n de protecciones, adecuaci\u00f3n de tableros y recuperaci\u00f3n de ca\u00f1er\u00edas da\u00f1adas por vandalismo; la readecuaci\u00f3n y elevaci\u00f3n de columnas de iluminaci\u00f3n para optimizar el alcance lum\u00ednico; y la mejora del sistema de emergencia y ventilaci\u00f3n asociado a los grupos electr\u00f3genos del proyecto original.<\/p>\n\n\n\n<p>Estas tareas permitir\u00e1n modernizar por completo la iluminaci\u00f3n de ambos pasos bajo nivel, mejorar las condiciones de transitabilidad y consolidar un entorno m\u00e1s seguro para conductores y peatones. El Ministerio agradece la comprensi\u00f3n de los vecinos y solicita circular con precauci\u00f3n por la zona intervenida.<\/p>\n","protected":false},"excerpt":{"rendered":"<p>Obras P\u00fablicas inicia la modernizaci\u00f3n de la iluminaci\u00f3n en los t\u00faneles de las calles C\u00f3rdoba&#8230;<\/p>\n","protected":false},"author":2,"featured_media":50085,"comment_status":"open","ping_status":"open","sticky":false,"template":"","format":"standard","meta":{"footnotes":""},"categories":[2],"tags":[],"class_list":["post-50084","post","type-post","status-publish","format-standard","has-post-thumbnail","hentry","category-locales"],"_links":{"self":[{"href":"https:\/\/masquenoticiastucuman.com.ar\/index.php?rest_route=\/wp\/v2\/posts\/50084","targetHints":{"allow":["GET"]}}],"collection":[{"href":"https:\/\/masquenoticiastucuman.com.ar\/index.php?rest_route=\/wp\/v2\/posts"}],"about":[{"href":"https:\/\/masquenoticiastucuman.com.ar\/index.php?rest_route=\/wp\/v2\/types\/post"}],"author":[{"embeddable":true,"href":"https:\/\/masquenoticiastucuman.com.ar\/index.php?rest_route=\/wp\/v2\/users\/2"}],"replies":[{"embeddable":true,"href":"https:\/\/masquenoticiastucuman.com.ar\/index.php?rest_route=%2Fwp%2Fv2%2Fcomments&post=50084"}],"version-history":[{"count":1,"href":"https:\/\/masquenoticiastucuman.com.ar\/index.php?rest_route=\/wp\/v2\/posts\/50084\/revisions"}],"predecessor-version":[{"id":50086,"href":"https:\/\/masquenoticiastucuman.com.ar\/index.php?rest_route=\/wp\/v2\/posts\/50084\/revisions\/50086"}],"wp:featuredmedia":[{"embeddable":true,"href":"https:\/\/masquenoticiastucuman.com.ar\/index.php?rest_route=\/wp\/v2\/media\/50085"}],"wp:attachment":[{"href":"https:\/\/masquenoticiastucuman.com.ar\/index.php?rest_route=%2Fwp%2Fv2%2Fmedia&parent=50084"}],"wp:term":[{"taxonomy":"category","embeddable":true,"href":"https:\/\/masquenoticiastucuman.com.ar\/index.php?rest_route=%2Fwp%2Fv2%2Fcategories&post=50084"},{"taxonomy":"post_tag","embeddable":true,"href":"https:\/\/masquenoticiastucuman.com.ar\/index.php?rest_route=%2Fwp%2Fv2%2Ftags&post=50084"}],"curies":[{"name":"wp","href":"https:\/\/api.w.org\/{rel}","templated":true}]}}