{"id":50091,"date":"2025-11-19T09:09:16","date_gmt":"2025-11-19T12:09:16","guid":{"rendered":"https:\/\/masquenoticiastucuman.com.ar\/?p=50091"},"modified":"2025-11-19T09:09:16","modified_gmt":"2025-11-19T12:09:16","slug":"autoservicio-capo-inauguro-una-nueva-sucursal-y-sumo-100-puestos-de-trabajo-en-la-capital-tucumana","status":"publish","type":"post","link":"https:\/\/masquenoticiastucuman.com.ar\/?p=50091","title":{"rendered":"Autoservicio capo inaugur\u00f3 una nueva sucursal y sum\u00f3 100 puestos de trabajo en la capital tucumana"},"content":{"rendered":"\n<p>El ministro de Gobierno y Justicia, Regino Amado, particip\u00f3 en representaci\u00f3n del gobernador Osvaldo Jaldo de la apertura del s\u00e9ptimo local de la cadena, que alcanza as\u00ed los 400 empleados. Autoridades provinciales y municipales acompa\u00f1aron el acto, destacando el aporte del sector privado al desarrollo econ\u00f3mico de la provincia.<\/p>\n\n\n\n<p>Autoservicio Capo inaugur\u00f3 este viernes una nueva sucursal en avenida Siria 2222, en San Miguel de Tucum\u00e1n. El acto cont\u00f3 con la participaci\u00f3n del ministro de Gobierno y Justicia, Regino Amado, junto con autoridades provinciales y municipales.<\/p>\n\n\n\n<p>Con este nuevo espacio comercial,<strong>&nbsp;la empresa incorpora 100 trabajadores<\/strong>, alcanzando un total de 400 empleados distribuidos en sus siete sucursales. De esta manera, la firma se consolida como una de las cadenas tucumanas de mayor crecimiento en los \u00faltimos a\u00f1os.<\/p>\n\n\n\n<p>Durante la inauguraci\u00f3n estuvieron presentes los propietarios de Autoservicio Capo,&nbsp;<strong>Jorge Capozucco<\/strong>,&nbsp;<strong>Cecilia Ahuad<\/strong>&nbsp;e hijos; el gerente general comercial de la firma,&nbsp;<strong>Leandro Capozucco<\/strong>; la intendenta de San Miguel de Tucum\u00e1n,<strong>&nbsp;Rossana Chahla<\/strong>; el secretario de Producci\u00f3n;&nbsp;<strong>Eduardo Castro<\/strong>; el subsecretario de Comercio Interior,&nbsp;<strong>Juan Carlos Bernard<\/strong>; el titular del Instituto Provincial de Vivienda y Desarrollo Urbano,&nbsp;<strong>Hugo Cabral<\/strong>; y el legislador&nbsp;<strong>Ger\u00f3nimo Vargas Aignasse.<\/strong><\/p>\n\n\n\n<figure class=\"wp-block-image size-large\"><img loading=\"lazy\" decoding=\"async\" width=\"1024\" height=\"683\" src=\"https:\/\/masquenoticiastucuman.com.ar\/wp-content\/uploads\/2025\/11\/251119084053_12209-1024x683.jpeg\" alt=\"\" class=\"wp-image-50092\" srcset=\"https:\/\/masquenoticiastucuman.com.ar\/wp-content\/uploads\/2025\/11\/251119084053_12209-1024x683.jpeg 1024w, https:\/\/masquenoticiastucuman.com.ar\/wp-content\/uploads\/2025\/11\/251119084053_12209-300x200.jpeg 300w, https:\/\/masquenoticiastucuman.com.ar\/wp-content\/uploads\/2025\/11\/251119084053_12209-768x512.jpeg 768w, https:\/\/masquenoticiastucuman.com.ar\/wp-content\/uploads\/2025\/11\/251119084053_12209-1536x1024.jpeg 1536w, https:\/\/masquenoticiastucuman.com.ar\/wp-content\/uploads\/2025\/11\/251119084053_12209.jpeg 1599w\" sizes=\"auto, (max-width: 1024px) 100vw, 1024px\" \/><\/figure>\n\n\n\n<p>Capozucco destac\u00f3 el compromiso del nuevo equipo de trabajo y el esfuerzo realizado para la puesta a punto del local. \u201cEstamos incorporando 100 nuevos puestos de trabajo y muy conformes con el desempe\u00f1o de los chicos que nos acompa\u00f1aron durante estos meses. El esfuerzo, la voluntad y las ganas que demostraron merecen un reconocimiento\u201d, afirm\u00f3. Adem\u00e1s, agradeci\u00f3 la presencia de las autoridades y remarc\u00f3 la importancia de seguir invirtiendo en Tucum\u00e1n.<\/p>\n\n\n\n<p>Por su parte, el ministro Regino Amado resalt\u00f3 el crecimiento sostenido de la empresa familiar fundada por Jorge y Cecilia Capozucco hace 35 a\u00f1os. \u201cEste nuevo local forma parte de un proceso de expansi\u00f3n que ya genera 400 empleos en la provincia. Venimos a acompa\u00f1ar la alegr\u00eda del trabajo de una familia que apost\u00f3 a Tucum\u00e1n desde sus inicios, incorporando tecnolog\u00eda para mejorar la atenci\u00f3n y promoviendo oportunidades laborales\u201d, se\u00f1al\u00f3.<\/p>\n\n\n\n<p><strong>Amado tambi\u00e9n destac\u00f3 la visi\u00f3n del gobernador Osvaldo Jaldo. \u201cEl gobernador siempre nos dice que el trabajo conjunto entre el sector p\u00fablico y el privado da sus frutos y genera una energ\u00eda positiva para la econom\u00eda de nuestra provincia. Esta inauguraci\u00f3n es una muestra clara de lo que se logra cuando invertimos y apostamos al crecimiento\u201d, expres\u00f3.<\/strong><\/p>\n\n\n\n<p>La nueva sucursal de Autoservicio Capo se suma as\u00ed a la oferta comercial de la capital tucumana, reforzando el dinamismo econ\u00f3mico local y generando nuevas oportunidades para las familias de la provincia.<\/p>\n\n\n\n<figure class=\"wp-block-image size-large\"><img loading=\"lazy\" decoding=\"async\" width=\"1024\" height=\"683\" src=\"https:\/\/masquenoticiastucuman.com.ar\/wp-content\/uploads\/2025\/11\/251119084113_43381-1024x683.jpeg\" alt=\"\" class=\"wp-image-50093\" srcset=\"https:\/\/masquenoticiastucuman.com.ar\/wp-content\/uploads\/2025\/11\/251119084113_43381-1024x683.jpeg 1024w, https:\/\/masquenoticiastucuman.com.ar\/wp-content\/uploads\/2025\/11\/251119084113_43381-300x200.jpeg 300w, https:\/\/masquenoticiastucuman.com.ar\/wp-content\/uploads\/2025\/11\/251119084113_43381-768x512.jpeg 768w, https:\/\/masquenoticiastucuman.com.ar\/wp-content\/uploads\/2025\/11\/251119084113_43381-1536x1024.jpeg 1536w, https:\/\/masquenoticiastucuman.com.ar\/wp-content\/uploads\/2025\/11\/251119084113_43381.jpeg 1599w\" sizes=\"auto, (max-width: 1024px) 100vw, 1024px\" \/><\/figure>\n","protected":false},"excerpt":{"rendered":"<p>El ministro de Gobierno y Justicia, Regino Amado, particip\u00f3 en representaci\u00f3n del gobernador Osvaldo Jaldo&#8230;<\/p>\n","protected":false},"author":2,"featured_media":50094,"comment_status":"open","ping_status":"open","sticky":false,"template":"","format":"standard","meta":{"footnotes":""},"categories":[2],"tags":[],"class_list":["post-50091","post","type-post","status-publish","format-standard","has-post-thumbnail","hentry","category-locales"],"_links":{"self":[{"href":"https:\/\/masquenoticiastucuman.com.ar\/index.php?rest_route=\/wp\/v2\/posts\/50091","targetHints":{"allow":["GET"]}}],"collection":[{"href":"https:\/\/masquenoticiastucuman.com.ar\/index.php?rest_route=\/wp\/v2\/posts"}],"about":[{"href":"https:\/\/masquenoticiastucuman.com.ar\/index.php?rest_route=\/wp\/v2\/types\/post"}],"author":[{"embeddable":true,"href":"https:\/\/masquenoticiastucuman.com.ar\/index.php?rest_route=\/wp\/v2\/users\/2"}],"replies":[{"embeddable":true,"href":"https:\/\/masquenoticiastucuman.com.ar\/index.php?rest_route=%2Fwp%2Fv2%2Fcomments&post=50091"}],"version-history":[{"count":1,"href":"https:\/\/masquenoticiastucuman.com.ar\/index.php?rest_route=\/wp\/v2\/posts\/50091\/revisions"}],"predecessor-version":[{"id":50095,"href":"https:\/\/masquenoticiastucuman.com.ar\/index.php?rest_route=\/wp\/v2\/posts\/50091\/revisions\/50095"}],"wp:featuredmedia":[{"embeddable":true,"href":"https:\/\/masquenoticiastucuman.com.ar\/index.php?rest_route=\/wp\/v2\/media\/50094"}],"wp:attachment":[{"href":"https:\/\/masquenoticiastucuman.com.ar\/index.php?rest_route=%2Fwp%2Fv2%2Fmedia&parent=50091"}],"wp:term":[{"taxonomy":"category","embeddable":true,"href":"https:\/\/masquenoticiastucuman.com.ar\/index.php?rest_route=%2Fwp%2Fv2%2Fcategories&post=50091"},{"taxonomy":"post_tag","embeddable":true,"href":"https:\/\/masquenoticiastucuman.com.ar\/index.php?rest_route=%2Fwp%2Fv2%2Ftags&post=50091"}],"curies":[{"name":"wp","href":"https:\/\/api.w.org\/{rel}","templated":true}]}}