{"id":50099,"date":"2025-11-19T09:57:43","date_gmt":"2025-11-19T12:57:43","guid":{"rendered":"http:\/\/masquenoticiastucuman.com.ar\/?p=50099"},"modified":"2025-11-19T09:57:43","modified_gmt":"2025-11-19T12:57:43","slug":"el-equipo-de-trump-califica-a-maduro-de-jefe-de-cartel-esa-palabra-no-significa-lo-que-usted-piensa","status":"publish","type":"post","link":"https:\/\/masquenoticiastucuman.com.ar\/?p=50099","title":{"rendered":"El equipo de Trump califica a Maduro de jefe de &#8220;c\u00e1rtel&#8221;. Esa palabra no significa lo que usted piensa"},"content":{"rendered":"<ul>\n<li>Los venezolanos acu\u00f1aron una expresi\u00f3n para referirse al fen\u00f3meno de los generales corruptos por el dinero de la droga: \u00abCartel de los Soles\u00bb. <\/li>\n<li>Entonces, EE.UU. comenz\u00f3 a hablar de ello como si se tratara de una organizaci\u00f3n real.<\/li>\n<\/ul>\n<p>\u200bLos venezolanos acu\u00f1aron una expresi\u00f3n para referirse al fen\u00f3meno de los generales corruptos por el dinero de la droga: \u00abCartel de los Soles\u00bb. Entonces, EE.UU. comenz\u00f3 a hablar de ello como si se tratara de una organizaci\u00f3n real.\u00a0<a href=\"https:\/\/www.clarin.com\/new-york-times-international-weekly\/equipo-trump-califica-maduro-jefe-cartel-palabra-significa-usted-piensa_0_6w2mYyX8S6.html\" target=\"_blank\" class=\"feedzy-rss-link-icon\">Read More<\/a><\/p>","protected":false},"excerpt":{"rendered":"<p>Los venezolanos acu\u00f1aron una expresi\u00f3n para referirse al fen\u00f3meno de los generales corruptos por el&#8230;<\/p>\n","protected":false},"author":1,"featured_media":50100,"comment_status":"open","ping_status":"open","sticky":false,"template":"","format":"standard","meta":{"footnotes":""},"categories":[4],"tags":[],"class_list":["post-50099","post","type-post","status-publish","format-standard","has-post-thumbnail","hentry","category-internacionales"],"_links":{"self":[{"href":"https:\/\/masquenoticiastucuman.com.ar\/index.php?rest_route=\/wp\/v2\/posts\/50099","targetHints":{"allow":["GET"]}}],"collection":[{"href":"https:\/\/masquenoticiastucuman.com.ar\/index.php?rest_route=\/wp\/v2\/posts"}],"about":[{"href":"https:\/\/masquenoticiastucuman.com.ar\/index.php?rest_route=\/wp\/v2\/types\/post"}],"author":[{"embeddable":true,"href":"https:\/\/masquenoticiastucuman.com.ar\/index.php?rest_route=\/wp\/v2\/users\/1"}],"replies":[{"embeddable":true,"href":"https:\/\/masquenoticiastucuman.com.ar\/index.php?rest_route=%2Fwp%2Fv2%2Fcomments&post=50099"}],"version-history":[{"count":0,"href":"https:\/\/masquenoticiastucuman.com.ar\/index.php?rest_route=\/wp\/v2\/posts\/50099\/revisions"}],"wp:featuredmedia":[{"embeddable":true,"href":"https:\/\/masquenoticiastucuman.com.ar\/index.php?rest_route=\/wp\/v2\/media\/50100"}],"wp:attachment":[{"href":"https:\/\/masquenoticiastucuman.com.ar\/index.php?rest_route=%2Fwp%2Fv2%2Fmedia&parent=50099"}],"wp:term":[{"taxonomy":"category","embeddable":true,"href":"https:\/\/masquenoticiastucuman.com.ar\/index.php?rest_route=%2Fwp%2Fv2%2Fcategories&post=50099"},{"taxonomy":"post_tag","embeddable":true,"href":"https:\/\/masquenoticiastucuman.com.ar\/index.php?rest_route=%2Fwp%2Fv2%2Ftags&post=50099"}],"curies":[{"name":"wp","href":"https:\/\/api.w.org\/{rel}","templated":true}]}}