{"id":50101,"date":"2025-11-19T09:46:26","date_gmt":"2025-11-19T12:46:26","guid":{"rendered":"http:\/\/masquenoticiastucuman.com.ar\/?p=50101"},"modified":"2025-11-19T09:46:26","modified_gmt":"2025-11-19T12:46:26","slug":"estados-unidos-el-senado-tambien-acuerda-difundir-los-archivos-de-epstein-y-la-iniciativa-pasa-a-manos-de-trump","status":"publish","type":"post","link":"https:\/\/masquenoticiastucuman.com.ar\/?p=50101","title":{"rendered":"Estados Unidos: el Senado tambi\u00e9n acuerda difundir los archivos de Epstein y la iniciativa pasa a manos de Trump"},"content":{"rendered":"<ul>\n<li>El proyecto de ley obliga a la publicaci\u00f3n dentro de 30 d\u00edas de todos los archivos y comunicaciones relacionadas con Epstein e informaci\u00f3n sobre su muerte en prisi\u00f3n.<\/li>\n<li>El presidente ha cedido ante el creciente impulso detr\u00e1s de la iniciativa y dijo que la promulgar\u00e1.<\/li>\n<\/ul>\n<p>\u200bEl proyecto de ley obliga a la publicaci\u00f3n dentro de 30 d\u00edas de todos los archivos y comunicaciones relacionadas con Epstein e informaci\u00f3n sobre su muerte en prisi\u00f3n.El presidente ha cedido ante el creciente impulso detr\u00e1s de la iniciativa y dijo que la promulgar\u00e1.\u00a0<a href=\"https:\/\/www.clarin.com\/mundo\/estados-unidos-senado-acuerda-difundir-archivos-epstein-iniciativa-pasa-manos-trump_0_44CVdAsvt6.html\" target=\"_blank\" class=\"feedzy-rss-link-icon\">Read More<\/a><\/p>","protected":false},"excerpt":{"rendered":"<p>El proyecto de ley obliga a la publicaci\u00f3n dentro de 30 d\u00edas de todos los&#8230;<\/p>\n","protected":false},"author":1,"featured_media":50102,"comment_status":"open","ping_status":"open","sticky":false,"template":"","format":"standard","meta":{"footnotes":""},"categories":[4],"tags":[],"class_list":["post-50101","post","type-post","status-publish","format-standard","has-post-thumbnail","hentry","category-internacionales"],"_links":{"self":[{"href":"https:\/\/masquenoticiastucuman.com.ar\/index.php?rest_route=\/wp\/v2\/posts\/50101","targetHints":{"allow":["GET"]}}],"collection":[{"href":"https:\/\/masquenoticiastucuman.com.ar\/index.php?rest_route=\/wp\/v2\/posts"}],"about":[{"href":"https:\/\/masquenoticiastucuman.com.ar\/index.php?rest_route=\/wp\/v2\/types\/post"}],"author":[{"embeddable":true,"href":"https:\/\/masquenoticiastucuman.com.ar\/index.php?rest_route=\/wp\/v2\/users\/1"}],"replies":[{"embeddable":true,"href":"https:\/\/masquenoticiastucuman.com.ar\/index.php?rest_route=%2Fwp%2Fv2%2Fcomments&post=50101"}],"version-history":[{"count":0,"href":"https:\/\/masquenoticiastucuman.com.ar\/index.php?rest_route=\/wp\/v2\/posts\/50101\/revisions"}],"wp:featuredmedia":[{"embeddable":true,"href":"https:\/\/masquenoticiastucuman.com.ar\/index.php?rest_route=\/wp\/v2\/media\/50102"}],"wp:attachment":[{"href":"https:\/\/masquenoticiastucuman.com.ar\/index.php?rest_route=%2Fwp%2Fv2%2Fmedia&parent=50101"}],"wp:term":[{"taxonomy":"category","embeddable":true,"href":"https:\/\/masquenoticiastucuman.com.ar\/index.php?rest_route=%2Fwp%2Fv2%2Fcategories&post=50101"},{"taxonomy":"post_tag","embeddable":true,"href":"https:\/\/masquenoticiastucuman.com.ar\/index.php?rest_route=%2Fwp%2Fv2%2Ftags&post=50101"}],"curies":[{"name":"wp","href":"https:\/\/api.w.org\/{rel}","templated":true}]}}