{"id":50103,"date":"2025-11-19T10:36:58","date_gmt":"2025-11-19T13:36:58","guid":{"rendered":"http:\/\/masquenoticiastucuman.com.ar\/?p=50103"},"modified":"2025-11-19T10:36:58","modified_gmt":"2025-11-19T13:36:58","slug":"rutas-nacionales-que-empresas-ganaron-las-primeras-concesiones-de-la-era-milei","status":"publish","type":"post","link":"https:\/\/masquenoticiastucuman.com.ar\/?p=50103","title":{"rendered":"Rutas nacionales: qu\u00e9 empresas ganaron las primeras concesiones de la era Milei"},"content":{"rendered":"<ul>\n<li>El Gobierno adjudic\u00f3 los primeros dos tramos por 741 kil\u00f3metros.<\/li>\n<li>Las rutas tendr\u00e1n peajes de m\u00e1s de $ 3.000, pero una vez que se hagan obras.<\/li>\n<\/ul>\n<p>\u200bEl Gobierno adjudic\u00f3 los primeros dos tramos por 741 kil\u00f3metros.Las rutas tendr\u00e1n peajes de m\u00e1s de $ 3.000, pero una vez que se hagan obras.\u00a0<a href=\"https:\/\/www.clarin.com\/economia\/rutas-nacionales-empresas-ganaron-primeras-concesiones-milei_0_STDgtkLuFf.html\" target=\"_blank\" class=\"feedzy-rss-link-icon\">Read More<\/a><\/p>","protected":false},"excerpt":{"rendered":"<p>El Gobierno adjudic\u00f3 los primeros dos tramos por 741 kil\u00f3metros. Las rutas tendr\u00e1n peajes de&#8230;<\/p>\n","protected":false},"author":1,"featured_media":0,"comment_status":"open","ping_status":"open","sticky":false,"template":"","format":"standard","meta":{"footnotes":""},"categories":[3],"tags":[],"class_list":["post-50103","post","type-post","status-publish","format-standard","has-post-thumbnail","hentry","category-nacionales"],"_links":{"self":[{"href":"https:\/\/masquenoticiastucuman.com.ar\/index.php?rest_route=\/wp\/v2\/posts\/50103","targetHints":{"allow":["GET"]}}],"collection":[{"href":"https:\/\/masquenoticiastucuman.com.ar\/index.php?rest_route=\/wp\/v2\/posts"}],"about":[{"href":"https:\/\/masquenoticiastucuman.com.ar\/index.php?rest_route=\/wp\/v2\/types\/post"}],"author":[{"embeddable":true,"href":"https:\/\/masquenoticiastucuman.com.ar\/index.php?rest_route=\/wp\/v2\/users\/1"}],"replies":[{"embeddable":true,"href":"https:\/\/masquenoticiastucuman.com.ar\/index.php?rest_route=%2Fwp%2Fv2%2Fcomments&post=50103"}],"version-history":[{"count":0,"href":"https:\/\/masquenoticiastucuman.com.ar\/index.php?rest_route=\/wp\/v2\/posts\/50103\/revisions"}],"wp:attachment":[{"href":"https:\/\/masquenoticiastucuman.com.ar\/index.php?rest_route=%2Fwp%2Fv2%2Fmedia&parent=50103"}],"wp:term":[{"taxonomy":"category","embeddable":true,"href":"https:\/\/masquenoticiastucuman.com.ar\/index.php?rest_route=%2Fwp%2Fv2%2Fcategories&post=50103"},{"taxonomy":"post_tag","embeddable":true,"href":"https:\/\/masquenoticiastucuman.com.ar\/index.php?rest_route=%2Fwp%2Fv2%2Ftags&post=50103"}],"curies":[{"name":"wp","href":"https:\/\/api.w.org\/{rel}","templated":true}]}}