{"id":50106,"date":"2025-11-19T09:51:56","date_gmt":"2025-11-19T12:51:56","guid":{"rendered":"http:\/\/masquenoticiastucuman.com.ar\/?p=50106"},"modified":"2025-11-19T09:51:56","modified_gmt":"2025-11-19T12:51:56","slug":"michael-douglas-y-catherine-zeta-jones-cumplieron-25-anos-de-casados-el-motivo-por-el-que-nadie-apostaba-por-su-romance","status":"publish","type":"post","link":"https:\/\/masquenoticiastucuman.com.ar\/?p=50106","title":{"rendered":"Michael Douglas y Catherine Zeta-Jones cumplieron 25 a\u00f1os de casados: el motivo por el que nadie apostaba por su romance"},"content":{"rendered":"<ul>\n<li>Cuando empezaron a salir, generaron esc\u00e1ndalo por su diferencia de edad, pero el paso del tiempo demostr\u00f3 que son almas gemelas.<\/li>\n<li>Todo sobre su historia de amor y las fotos in\u00e9ditas que publicaron por su aniversario en las redes sociales.<\/li>\n<\/ul>\n<p>\u200bCuando empezaron a salir, generaron esc\u00e1ndalo por su diferencia de edad, pero el paso del tiempo demostr\u00f3 que son almas gemelas.Todo sobre su historia de amor y las fotos in\u00e9ditas que publicaron por su aniversario en las redes sociales.\u00a0<a href=\"https:\/\/www.clarin.com\/espectaculos\/michael-douglas-catherine-zeta-jones-cumplieron-25-anos-casados-motivo-nadie-apostaba-romance_0_gz3vDnLHPx.html\" target=\"_blank\" class=\"feedzy-rss-link-icon\">Read More<\/a><\/p>","protected":false},"excerpt":{"rendered":"<p>Cuando empezaron a salir, generaron esc\u00e1ndalo por su diferencia de edad, pero el paso del&#8230;<\/p>\n","protected":false},"author":1,"featured_media":50107,"comment_status":"open","ping_status":"open","sticky":false,"template":"","format":"standard","meta":{"footnotes":""},"categories":[5],"tags":[],"class_list":["post-50106","post","type-post","status-publish","format-standard","has-post-thumbnail","hentry","category-espectaculo"],"_links":{"self":[{"href":"https:\/\/masquenoticiastucuman.com.ar\/index.php?rest_route=\/wp\/v2\/posts\/50106","targetHints":{"allow":["GET"]}}],"collection":[{"href":"https:\/\/masquenoticiastucuman.com.ar\/index.php?rest_route=\/wp\/v2\/posts"}],"about":[{"href":"https:\/\/masquenoticiastucuman.com.ar\/index.php?rest_route=\/wp\/v2\/types\/post"}],"author":[{"embeddable":true,"href":"https:\/\/masquenoticiastucuman.com.ar\/index.php?rest_route=\/wp\/v2\/users\/1"}],"replies":[{"embeddable":true,"href":"https:\/\/masquenoticiastucuman.com.ar\/index.php?rest_route=%2Fwp%2Fv2%2Fcomments&post=50106"}],"version-history":[{"count":0,"href":"https:\/\/masquenoticiastucuman.com.ar\/index.php?rest_route=\/wp\/v2\/posts\/50106\/revisions"}],"wp:featuredmedia":[{"embeddable":true,"href":"https:\/\/masquenoticiastucuman.com.ar\/index.php?rest_route=\/wp\/v2\/media\/50107"}],"wp:attachment":[{"href":"https:\/\/masquenoticiastucuman.com.ar\/index.php?rest_route=%2Fwp%2Fv2%2Fmedia&parent=50106"}],"wp:term":[{"taxonomy":"category","embeddable":true,"href":"https:\/\/masquenoticiastucuman.com.ar\/index.php?rest_route=%2Fwp%2Fv2%2Fcategories&post=50106"},{"taxonomy":"post_tag","embeddable":true,"href":"https:\/\/masquenoticiastucuman.com.ar\/index.php?rest_route=%2Fwp%2Fv2%2Ftags&post=50106"}],"curies":[{"name":"wp","href":"https:\/\/api.w.org\/{rel}","templated":true}]}}