{"id":50109,"date":"2025-11-19T11:35:56","date_gmt":"2025-11-19T14:35:56","guid":{"rendered":"http:\/\/masquenoticiastucuman.com.ar\/?p=50109"},"modified":"2025-11-19T11:35:56","modified_gmt":"2025-11-19T14:35:56","slug":"arba-aplica-una-quinta-cuota-del-impuesto-inmobiliario-a-quienes-alcanza-el-adicional","status":"publish","type":"post","link":"https:\/\/masquenoticiastucuman.com.ar\/?p=50109","title":{"rendered":"ARBA aplica una quinta cuota del Impuesto Inmobiliario: a qui\u00e9nes alcanza el adicional"},"content":{"rendered":"<ul>\n<li>La Agencia de Recaudaci\u00f3n bonaerense empez\u00f3 a cobrar un monto extra del Impuesto Inmobiliario Urbano y Rural para propiedades de alta valuaci\u00f3n.<\/li>\n<li> ARBA asegura que se trata de una medida focalizada, prevista por ley y con topes del 20% y 25%.<\/li>\n<\/ul>\n<p>\u200bLa Agencia de Recaudaci\u00f3n bonaerense empez\u00f3 a cobrar un monto extra del Impuesto Inmobiliario Urbano y Rural para propiedades de alta valuaci\u00f3n. ARBA asegura que se trata de una medida focalizada, prevista por ley y con topes del 20% y 25%.\u00a0<a href=\"https:\/\/www.clarin.com\/economia\/arba-aplica-quinta-cuota-impuesto-inmobiliario-alcanza-adicional_0_vjOA9SDogj.html\" target=\"_blank\" class=\"feedzy-rss-link-icon\">Read More<\/a><\/p>","protected":false},"excerpt":{"rendered":"<p>La Agencia de Recaudaci\u00f3n bonaerense empez\u00f3 a cobrar un monto extra del Impuesto Inmobiliario Urbano&#8230;<\/p>\n","protected":false},"author":1,"featured_media":0,"comment_status":"open","ping_status":"open","sticky":false,"template":"","format":"standard","meta":{"footnotes":""},"categories":[3],"tags":[],"class_list":["post-50109","post","type-post","status-publish","format-standard","has-post-thumbnail","hentry","category-nacionales"],"_links":{"self":[{"href":"https:\/\/masquenoticiastucuman.com.ar\/index.php?rest_route=\/wp\/v2\/posts\/50109","targetHints":{"allow":["GET"]}}],"collection":[{"href":"https:\/\/masquenoticiastucuman.com.ar\/index.php?rest_route=\/wp\/v2\/posts"}],"about":[{"href":"https:\/\/masquenoticiastucuman.com.ar\/index.php?rest_route=\/wp\/v2\/types\/post"}],"author":[{"embeddable":true,"href":"https:\/\/masquenoticiastucuman.com.ar\/index.php?rest_route=\/wp\/v2\/users\/1"}],"replies":[{"embeddable":true,"href":"https:\/\/masquenoticiastucuman.com.ar\/index.php?rest_route=%2Fwp%2Fv2%2Fcomments&post=50109"}],"version-history":[{"count":0,"href":"https:\/\/masquenoticiastucuman.com.ar\/index.php?rest_route=\/wp\/v2\/posts\/50109\/revisions"}],"wp:attachment":[{"href":"https:\/\/masquenoticiastucuman.com.ar\/index.php?rest_route=%2Fwp%2Fv2%2Fmedia&parent=50109"}],"wp:term":[{"taxonomy":"category","embeddable":true,"href":"https:\/\/masquenoticiastucuman.com.ar\/index.php?rest_route=%2Fwp%2Fv2%2Fcategories&post=50109"},{"taxonomy":"post_tag","embeddable":true,"href":"https:\/\/masquenoticiastucuman.com.ar\/index.php?rest_route=%2Fwp%2Fv2%2Ftags&post=50109"}],"curies":[{"name":"wp","href":"https:\/\/api.w.org\/{rel}","templated":true}]}}