{"id":50110,"date":"2025-11-19T11:34:28","date_gmt":"2025-11-19T14:34:28","guid":{"rendered":"http:\/\/masquenoticiastucuman.com.ar\/?p=50110"},"modified":"2025-11-19T11:34:28","modified_gmt":"2025-11-19T14:34:28","slug":"dentro-de-la-base-administrada-por-ee-uu-que-ayuda-a-planificar-el-futuro-de-gaza","status":"publish","type":"post","link":"https:\/\/masquenoticiastucuman.com.ar\/?p=50110","title":{"rendered":"Dentro de la base administrada por EE.UU que ayuda a planificar el futuro de Gaza"},"content":{"rendered":"<ul>\n<li>Soldados estadounidenses e israel\u00edes, diplom\u00e1ticos extranjeros y cooperantes se han reunido en un almac\u00e9n en Israel para hablar sobre el futuro de Gaza. <\/li>\n<li>Falta un grupo clave: los palestinos.<\/li>\n<\/ul>\n<p>\u200bSoldados estadounidenses e israel\u00edes, diplom\u00e1ticos extranjeros y cooperantes se han reunido en un almac\u00e9n en Israel para hablar sobre el futuro de Gaza. Falta un grupo clave: los palestinos.\u00a0<a href=\"https:\/\/www.clarin.com\/new-york-times-international-weekly\/dentro-base-administrada-eeuu-ayuda-planificar-futuro-gaza_0_42vsSs0U16.html\" target=\"_blank\" class=\"feedzy-rss-link-icon\">Read More<\/a><\/p>","protected":false},"excerpt":{"rendered":"<p>Soldados estadounidenses e israel\u00edes, diplom\u00e1ticos extranjeros y cooperantes se han reunido en un almac\u00e9n en&#8230;<\/p>\n","protected":false},"author":1,"featured_media":50111,"comment_status":"open","ping_status":"open","sticky":false,"template":"","format":"standard","meta":{"footnotes":""},"categories":[4],"tags":[],"class_list":["post-50110","post","type-post","status-publish","format-standard","has-post-thumbnail","hentry","category-internacionales"],"_links":{"self":[{"href":"https:\/\/masquenoticiastucuman.com.ar\/index.php?rest_route=\/wp\/v2\/posts\/50110","targetHints":{"allow":["GET"]}}],"collection":[{"href":"https:\/\/masquenoticiastucuman.com.ar\/index.php?rest_route=\/wp\/v2\/posts"}],"about":[{"href":"https:\/\/masquenoticiastucuman.com.ar\/index.php?rest_route=\/wp\/v2\/types\/post"}],"author":[{"embeddable":true,"href":"https:\/\/masquenoticiastucuman.com.ar\/index.php?rest_route=\/wp\/v2\/users\/1"}],"replies":[{"embeddable":true,"href":"https:\/\/masquenoticiastucuman.com.ar\/index.php?rest_route=%2Fwp%2Fv2%2Fcomments&post=50110"}],"version-history":[{"count":0,"href":"https:\/\/masquenoticiastucuman.com.ar\/index.php?rest_route=\/wp\/v2\/posts\/50110\/revisions"}],"wp:featuredmedia":[{"embeddable":true,"href":"https:\/\/masquenoticiastucuman.com.ar\/index.php?rest_route=\/wp\/v2\/media\/50111"}],"wp:attachment":[{"href":"https:\/\/masquenoticiastucuman.com.ar\/index.php?rest_route=%2Fwp%2Fv2%2Fmedia&parent=50110"}],"wp:term":[{"taxonomy":"category","embeddable":true,"href":"https:\/\/masquenoticiastucuman.com.ar\/index.php?rest_route=%2Fwp%2Fv2%2Fcategories&post=50110"},{"taxonomy":"post_tag","embeddable":true,"href":"https:\/\/masquenoticiastucuman.com.ar\/index.php?rest_route=%2Fwp%2Fv2%2Ftags&post=50110"}],"curies":[{"name":"wp","href":"https:\/\/api.w.org\/{rel}","templated":true}]}}